{"id":57359,"date":"2019-08-02T14:12:33","date_gmt":"2019-08-02T17:12:33","guid":{"rendered":"https:\/\/eldiariodesanpedro.com.ar\/sitio\/?p=57359"},"modified":"2019-08-02T14:12:38","modified_gmt":"2019-08-02T17:12:38","slug":"aprehendido-con-tenencia-de-marihuana","status":"publish","type":"post","link":"https:\/\/eldiariodesanpedro.com.ar\/sitio\/aprehendido-con-tenencia-de-marihuana\/","title":{"rendered":"Aprehendido con tenencia de marihuana"},"content":{"rendered":"<!-- VideographyWP Plugin Message: Automatic video embedding prevented by plugin options. -->\n\n<p>En el marco operativo dispuesto por la superioridad, personal de Jefatura Distrital San Nicol\u00e1s GAD aprehendi\u00f3 a un menor de edad con 23 gramos de marihuana compacta.<\/p>\n\n\n\n<p>El evento se realiz\u00f3 en intersecci\u00f3n de las calles Balcarce y Cruz Roja, cuando al momento de su identificaci\u00f3n el adolescente de 16 a\u00f1os de edad pose\u00eda entre sus ropas envoltorios negro con marihuana compacta arrojando un peso de 23 gramos.<\/p>\n\n\n\n<p> Fue alojado en la comisar\u00eda a la espera de la intervenci\u00f3n de la UFI del Joven de San Nicol\u00e1s .<\/p>\n","protected":false},"excerpt":{"rendered":"<p>En el marco operativo dispuesto por la superioridad, personal de Jefatura Distrital San Nicol\u00e1s GAD aprehendi\u00f3 a un menor de edad con 23 gramos de marihuana compacta. El evento se realiz\u00f3 en intersecci\u00f3n de las calles Balcarce y Cruz Roja, cuando al momento de su identificaci\u00f3n el adolescente de 16 a\u00f1os de edad pose\u00eda entre [&hellip;]<\/p>\n","protected":false},"author":4,"featured_media":57360,"comment_status":"open","ping_status":"closed","sticky":false,"template":"","format":"standard","meta":{"om_disable_all_campaigns":false,"_jetpack_memberships_contains_paid_content":false,"footnotes":""},"categories":[2,103],"tags":[],"class_list":["post-57359","post","type-post","status-publish","format-standard","has-post-thumbnail","hentry","category-locales","category-policiales-locales"],"aioseo_notices":[],"gutentor_comment":0,"jetpack_featured_media_url":"https:\/\/eldiariodesanpedro.com.ar\/sitio\/wp-content\/uploads\/2019\/08\/IMG-20190802-WA0012.jpg","jetpack_shortlink":"https:\/\/wp.me\/p6RhLt-eV9","jetpack_sharing_enabled":true,"_links":{"self":[{"href":"https:\/\/eldiariodesanpedro.com.ar\/sitio\/wp-json\/wp\/v2\/posts\/57359","targetHints":{"allow":["GET"]}}],"collection":[{"href":"https:\/\/eldiariodesanpedro.com.ar\/sitio\/wp-json\/wp\/v2\/posts"}],"about":[{"href":"https:\/\/eldiariodesanpedro.com.ar\/sitio\/wp-json\/wp\/v2\/types\/post"}],"author":[{"embeddable":true,"href":"https:\/\/eldiariodesanpedro.com.ar\/sitio\/wp-json\/wp\/v2\/users\/4"}],"replies":[{"embeddable":true,"href":"https:\/\/eldiariodesanpedro.com.ar\/sitio\/wp-json\/wp\/v2\/comments?post=57359"}],"version-history":[{"count":1,"href":"https:\/\/eldiariodesanpedro.com.ar\/sitio\/wp-json\/wp\/v2\/posts\/57359\/revisions"}],"predecessor-version":[{"id":57361,"href":"https:\/\/eldiariodesanpedro.com.ar\/sitio\/wp-json\/wp\/v2\/posts\/57359\/revisions\/57361"}],"wp:featuredmedia":[{"embeddable":true,"href":"https:\/\/eldiariodesanpedro.com.ar\/sitio\/wp-json\/wp\/v2\/media\/57360"}],"wp:attachment":[{"href":"https:\/\/eldiariodesanpedro.com.ar\/sitio\/wp-json\/wp\/v2\/media?parent=57359"}],"wp:term":[{"taxonomy":"category","embeddable":true,"href":"https:\/\/eldiariodesanpedro.com.ar\/sitio\/wp-json\/wp\/v2\/categories?post=57359"},{"taxonomy":"post_tag","embeddable":true,"href":"https:\/\/eldiariodesanpedro.com.ar\/sitio\/wp-json\/wp\/v2\/tags?post=57359"}],"curies":[{"name":"wp","href":"https:\/\/api.w.org\/{rel}","templated":true}]}}