{"id":57356,"date":"2019-08-02T14:00:37","date_gmt":"2019-08-02T17:00:37","guid":{"rendered":"https:\/\/eldiariodesanpedro.com.ar\/sitio\/?p=57356"},"modified":"2019-08-02T15:29:04","modified_gmt":"2019-08-02T18:29:04","slug":"acto-en-conmemoracion-a-un-ano-del-tragico-accidente-de-la-escuela-49-de-moreno","status":"publish","type":"post","link":"https:\/\/eldiariodesanpedro.com.ar\/sitio\/acto-en-conmemoracion-a-un-ano-del-tragico-accidente-de-la-escuela-49-de-moreno\/","title":{"rendered":"Acto en conmemoraci\u00f3n a un a\u00f1o del tr\u00e1gico accidente de la escuela 49 de Moreno"},"content":{"rendered":"<!-- VideographyWP Plugin Message: Automatic video embedding prevented by plugin options. -->\n\n<p>Est\u00e1 ma\u00f1ana se realiz\u00f3 un acto en las puertas del consejo escolar, en conmemoraci\u00f3n convocado por el Frente de unidad docente San Pedro, a un a\u00f1o del tr\u00e1gico accidente en la Escuela N\u00ba 49 de Moreno, donde perdieron la vida Sandra Calamano y Rub\u00e9n Rodriguez, trabajadores de la educaci\u00f3n.<\/p>\n\n\n\n<p>El mismo recordatorio tuvo lugar a la misma hora en diferentes localidades de la provincia.<\/p>\n\n\n\n<p>Colgado desde la ventana de la Escuela 49, el guardapolvo blanco que docentes y alumnos eligieron para recordar a Sandra Calamano y Rub\u00e9n Rodr\u00edguez sigue intacto. <\/p>\n\n\n\n<p>Un poco menos blanco, quiz\u00e1s, por el paso del tiempo. \u201cEsto es lo \u00fanico que nos queda\u201d, lamentaron Hern\u00e1n Pustilnik y Marcela Corbal\u00e1n, maestros de la 49, a un a\u00f1o de la explosi\u00f3n que el 2 de agosto de 2018 se cobr\u00f3 la vida de la vicedirectora y el auxiliar. Ya no est\u00e1n Sandra, ni Rub\u00e9n, ni las decenas de cartas, dibujos, velas y flores que los chicos hab\u00edan puesto, junto al guardapolvo, el d\u00eda de la tragedia. \u201cNos est\u00e1n costando muchos sus ausencias. Desde ese d\u00eda nunca volvimos a ser los mismos\u201d, asegur\u00f3 Hern\u00e1n.<\/p>\n\n\n\n<p>\u201cEse 2 de agosto me levant\u00e9 a la misma hora de siempre y sal\u00ed rumbo a la escuela. A algunos nos gustaba juntarnos un rato antes de comenzar la jornada para tomar un mate, reirnos un poco\u201d, record\u00f3 Marcela, sentada en un banquito frente a la 49. \u201cCuando llegu\u00e9 a la escuela, sali\u00f3 Marisol, una de mis compa\u00f1eras, y me dijo lo que hab\u00eda pasado. Yo me re\u00eda y le dec\u00eda que no haga chistes tan temprano. Me dijo que Sandra estaba tirada frente a la escuela y ah\u00ed, cuando la vi, se me vino el mundo abajo. Quise entrar a la escuela para ver al gordis (Rub\u00e9n), que estaba tirado en el patio, pero ya estaban los bomberos y la polic\u00eda. No pod\u00eda respirar, no pod\u00eda ver. La gente gritaba, los compa\u00f1eros nos abraz\u00e1bamos. Fue un caos absoluto\u201d, continu\u00f3 la docente, inundada de l\u00e1grimas.<\/p>\n\n\n\n<p>Hern\u00e1n, ese d\u00eda, no ten\u00eda planificado ir a la escuela. Hab\u00eda hablado con Sandra, minutos antes, para avisarle que deb\u00eda llevar a su hija al pediatra. Tambi\u00e9n fue Marisol, docente de la instituci\u00f3n, la encargada de darle la noticia. \u201cMe llam\u00f3 llorando, a los gritos, diciendo que la escuela hab\u00eda explotado. Que el gordo estaba muerto y que estaba buscando a Sandra entre los escombros. En medio de un ataque de llanto, llam\u00e9 a mi mujer, le ped\u00ed que venga urgente a quedarse con la nena y sal\u00ed para all\u00e1\u201d, record\u00f3 el docente. Coincidi\u00f3 con Marcela: era un caos.<\/p>\n\n\n\n<p>La sensaci\u00f3n de caos, con el correr de los d\u00edas, se transform\u00f3 en desolaci\u00f3n. \u201cEst\u00e1bamos como adormecidos. Comenz\u00e1bamos a luchar en las calles, a pedir justicia, pero sent\u00edamos un vac\u00edo imposible de llenar\u201d, record\u00f3 Marcela. \u201cYo creo que desde ese d\u00eda nunca volvimos a ser los mismos. Ese 2 de agosto nos morimos un poquito con ellos\u201d, agreg\u00f3 Hern\u00e1n, sentado a su lado.<\/p>\n\n\n\n<p>Tras la explosi\u00f3n, la Escuela 49 cerr\u00f3 sus puertas. Las autoridades provinciales, finalmente, estaban dispuestas a hacer del edificio escolar un espacio seguro. \u201cSacaron la conexi\u00f3n de gas de las aulas, hicieron la conexi\u00f3n de gas nueva para la cocina y una obra el\u00e9ctrica nueva, pusieron aires acondicionados, hicieron tareas de apuntalamiento, pintaron\u201d, describi\u00f3 el docente. \u201cA la semana que volvimos se rompieron los ba\u00f1os nuevos. Eso te habla del tipo de arreglos que se est\u00e1n haciendo en Moreno\u201d, advirti\u00f3. Durante los tres meses que dur\u00f3 la obra, la comunidad de la 49 se organiz\u00f3 en un descampado y en una iglesia cercana para dar \u201ccontinuidad pedag\u00f3gica\u201d a los chicos y para mantener &#8211;con donaciones y con las escasas viandas que entregaba el estado&#8211; las comidas que habitualmente brindaba el comedor de la escuela.<\/p>\n\n\n\n<p>El 30 de octubre, finalmente, la 49 estaba lista. Los que no estaban listos eran los alumnos, docentes y auxiliares que deb\u00edan volver a habitar las aulas sin Sandra y sin Rub\u00e9n. \u201cEsa vuelta fue muy dolorosa, nos cost\u00f3 much\u00edsimo\u201d, dijo Hern\u00e1n, sin levantar la mirada del piso. \u201cIncluso terminamos cambiando la rutina. Porque lo normal era que Sandra, cada ma\u00f1ana, saludara a los chicos y los aconsejara. Para evitar ese momento, cuando volvimos a clases, cada uno formaba a sus chicos y se iba a los salones. No pod\u00edamos aguantar estar ah\u00ed y ver que la imagen de Sandra no estaba. O de repente nadie se quer\u00eda quedar en la puerta para recibir a los chicos porque ese era el lugar de Rub\u00e9n\u201d, explic\u00f3 Marcela.<\/p>\n\n\n\n<p>\u201cCon el tiempo, pudimos seguir adelante. Gracias a la uni\u00f3n de la comunidad educativa. Gracias al apoyo de las familias, que entendieron que esto podr\u00eda haber pasado en cualquier otra escuela. Y gracias a los directores, que ante el peligro de edificios escolares inseguros resolvieron suspender las clases\u201d, record\u00f3 el docente.<\/p>\n\n\n\n<p>A un a\u00f1o de la explosi\u00f3n, el dolor sigue siendo el mismo. \u201cYo no lo puedo superar, me sigue costando un mont\u00f3n venir a la escuela. Me faltan 5 a\u00f1os para jubilarme pero ya no aguanto m\u00e1s. Si vengo, es por los chicos, porque yo ya no encuentro un lugar ac\u00e1\u201d, admiti\u00f3 Marcela. \u201cVenir y no encontrarte con Rub\u00e9n y su alegr\u00eda, con Sandra y su empuje, se nos est\u00e1 haciendo muy dif\u00edcil. Pero es como dice Marce: los chicos nos necesitan\u201d, agreg\u00f3 Hern\u00e1n, a su lado. \u201cTambi\u00e9n sentimos mucha impotencia. Ya pas\u00f3 un a\u00f1o y no tenemos ni un culpable. Adem\u00e1s, hay muchas escuelas que siguen m\u00e1s o menos en la misma que el a\u00f1o pasado. Eso da bronca, la verdad\u201d, lament\u00f3 el docente.<\/p>\n\n\n\n<p>En este 2 de agosto de 2019, Marcela y Hern\u00e1n eligen recordar a sus compa\u00f1eros como lo que eran: \u201cunos luchadores\u201d. \u201cSandra era una tipa con mucha fuerza, siempre para adelante. Y el gordo&#8230; \u00bfQu\u00e9 puedo decir? Era pura bondad, muy compa\u00f1ero, siempre con un chiste. Adem\u00e1s de dos luchadores, ellos eran mis amigos, mi familia\u201d, concluy\u00f3 Marcela.<\/p>\n\n\n\n<p>Hern\u00e1n, quebrado tras las palabras de Marcela, no pudo agregar nada m\u00e1s. Despeg\u00f3 la mirada del piso, mientras se secaba las l\u00e1grimas con el buzo, y se fundi\u00f3 junto a su compa\u00f1era en uno de esos abrazos que, desde hace ya un a\u00f1o, se volvieron imprescindibles para seguir de pie.<\/p>\n\n\n\n<p>Fotos Gentileza: Nadia Quiroga<\/p>\n\n\n\n<figure class=\"wp-block-image\"><img decoding=\"async\" width=\"1024\" height=\"768\" data-attachment-id=\"57362\" data-permalink=\"https:\/\/eldiariodesanpedro.com.ar\/sitio\/acto-en-conmemoracion-a-un-ano-del-tragico-accidente-de-la-escuela-49-de-moreno\/whatsapp-image-2019-08-02-at-11-47-051\/\" data-orig-file=\"https:\/\/eldiariodesanpedro.com.ar\/sitio\/wp-content\/uploads\/2019\/08\/WhatsApp-Image-2019-08-02-at-11.47.051.jpeg\" data-orig-size=\"1040,780\" data-comments-opened=\"1\" data-image-meta=\"{&quot;aperture&quot;:&quot;0&quot;,&quot;credit&quot;:&quot;&quot;,&quot;camera&quot;:&quot;&quot;,&quot;caption&quot;:&quot;&quot;,&quot;created_timestamp&quot;:&quot;0&quot;,&quot;copyright&quot;:&quot;&quot;,&quot;focal_length&quot;:&quot;0&quot;,&quot;iso&quot;:&quot;0&quot;,&quot;shutter_speed&quot;:&quot;0&quot;,&quot;title&quot;:&quot;&quot;,&quot;orientation&quot;:&quot;0&quot;}\" data-image-title=\"WhatsApp Image 2019-08-02 at 11.47.05(1)\" data-image-description=\"\" data-image-caption=\"\" data-large-file=\"https:\/\/eldiariodesanpedro.com.ar\/sitio\/wp-content\/uploads\/2019\/08\/WhatsApp-Image-2019-08-02-at-11.47.051-1024x768.jpeg\" data-src=\"https:\/\/eldiariodesanpedro.com.ar\/sitio\/wp-content\/uploads\/2019\/08\/WhatsApp-Image-2019-08-02-at-11.47.051-1024x768.jpeg\" alt=\"\" class=\"wp-image-57362 lazyload\" data-srcset=\"https:\/\/eldiariodesanpedro.com.ar\/sitio\/wp-content\/uploads\/2019\/08\/WhatsApp-Image-2019-08-02-at-11.47.051-1024x768.jpeg 1024w, https:\/\/eldiariodesanpedro.com.ar\/sitio\/wp-content\/uploads\/2019\/08\/WhatsApp-Image-2019-08-02-at-11.47.051-300x225.jpeg 300w, https:\/\/eldiariodesanpedro.com.ar\/sitio\/wp-content\/uploads\/2019\/08\/WhatsApp-Image-2019-08-02-at-11.47.051-768x576.jpeg 768w, https:\/\/eldiariodesanpedro.com.ar\/sitio\/wp-content\/uploads\/2019\/08\/WhatsApp-Image-2019-08-02-at-11.47.051.jpeg 1040w\" data-sizes=\"(max-width: 1024px) 100vw, 1024px\" src=\"data:image\/svg+xml;base64,PHN2ZyB3aWR0aD0iMSIgaGVpZ2h0PSIxIiB4bWxucz0iaHR0cDovL3d3dy53My5vcmcvMjAwMC9zdmciPjwvc3ZnPg==\" style=\"--smush-placeholder-width: 1024px; --smush-placeholder-aspect-ratio: 1024\/768;\" \/><\/figure>\n\n\n\n<figure class=\"wp-block-image\"><img decoding=\"async\" width=\"1024\" height=\"768\" data-attachment-id=\"57364\" data-permalink=\"https:\/\/eldiariodesanpedro.com.ar\/sitio\/acto-en-conmemoracion-a-un-ano-del-tragico-accidente-de-la-escuela-49-de-moreno\/whatsapp-image-2019-08-02-at-11-47-06\/\" data-orig-file=\"https:\/\/eldiariodesanpedro.com.ar\/sitio\/wp-content\/uploads\/2019\/08\/WhatsApp-Image-2019-08-02-at-11.47.06.jpeg\" data-orig-size=\"1040,780\" data-comments-opened=\"1\" data-image-meta=\"{&quot;aperture&quot;:&quot;0&quot;,&quot;credit&quot;:&quot;&quot;,&quot;camera&quot;:&quot;&quot;,&quot;caption&quot;:&quot;&quot;,&quot;created_timestamp&quot;:&quot;0&quot;,&quot;copyright&quot;:&quot;&quot;,&quot;focal_length&quot;:&quot;0&quot;,&quot;iso&quot;:&quot;0&quot;,&quot;shutter_speed&quot;:&quot;0&quot;,&quot;title&quot;:&quot;&quot;,&quot;orientation&quot;:&quot;0&quot;}\" data-image-title=\"WhatsApp Image 2019-08-02 at 11.47.06\" data-image-description=\"\" data-image-caption=\"\" data-large-file=\"https:\/\/eldiariodesanpedro.com.ar\/sitio\/wp-content\/uploads\/2019\/08\/WhatsApp-Image-2019-08-02-at-11.47.06-1024x768.jpeg\" data-src=\"https:\/\/eldiariodesanpedro.com.ar\/sitio\/wp-content\/uploads\/2019\/08\/WhatsApp-Image-2019-08-02-at-11.47.06-1024x768.jpeg\" alt=\"\" class=\"wp-image-57364 lazyload\" data-srcset=\"https:\/\/eldiariodesanpedro.com.ar\/sitio\/wp-content\/uploads\/2019\/08\/WhatsApp-Image-2019-08-02-at-11.47.06-1024x768.jpeg 1024w, https:\/\/eldiariodesanpedro.com.ar\/sitio\/wp-content\/uploads\/2019\/08\/WhatsApp-Image-2019-08-02-at-11.47.06-300x225.jpeg 300w, https:\/\/eldiariodesanpedro.com.ar\/sitio\/wp-content\/uploads\/2019\/08\/WhatsApp-Image-2019-08-02-at-11.47.06-768x576.jpeg 768w, https:\/\/eldiariodesanpedro.com.ar\/sitio\/wp-content\/uploads\/2019\/08\/WhatsApp-Image-2019-08-02-at-11.47.06.jpeg 1040w\" data-sizes=\"(max-width: 1024px) 100vw, 1024px\" src=\"data:image\/svg+xml;base64,PHN2ZyB3aWR0aD0iMSIgaGVpZ2h0PSIxIiB4bWxucz0iaHR0cDovL3d3dy53My5vcmcvMjAwMC9zdmciPjwvc3ZnPg==\" style=\"--smush-placeholder-width: 1024px; --smush-placeholder-aspect-ratio: 1024\/768;\" \/><\/figure>\n\n\n\n<figure class=\"wp-block-image\"><img decoding=\"async\" width=\"1024\" height=\"768\" data-attachment-id=\"57365\" data-permalink=\"https:\/\/eldiariodesanpedro.com.ar\/sitio\/acto-en-conmemoracion-a-un-ano-del-tragico-accidente-de-la-escuela-49-de-moreno\/whatsapp-image-2019-08-02-at-11-47-081\/\" data-orig-file=\"https:\/\/eldiariodesanpedro.com.ar\/sitio\/wp-content\/uploads\/2019\/08\/WhatsApp-Image-2019-08-02-at-11.47.081.jpeg\" data-orig-size=\"1040,780\" data-comments-opened=\"1\" data-image-meta=\"{&quot;aperture&quot;:&quot;0&quot;,&quot;credit&quot;:&quot;&quot;,&quot;camera&quot;:&quot;&quot;,&quot;caption&quot;:&quot;&quot;,&quot;created_timestamp&quot;:&quot;0&quot;,&quot;copyright&quot;:&quot;&quot;,&quot;focal_length&quot;:&quot;0&quot;,&quot;iso&quot;:&quot;0&quot;,&quot;shutter_speed&quot;:&quot;0&quot;,&quot;title&quot;:&quot;&quot;,&quot;orientation&quot;:&quot;0&quot;}\" data-image-title=\"WhatsApp Image 2019-08-02 at 11.47.08(1)\" data-image-description=\"\" data-image-caption=\"\" data-large-file=\"https:\/\/eldiariodesanpedro.com.ar\/sitio\/wp-content\/uploads\/2019\/08\/WhatsApp-Image-2019-08-02-at-11.47.081-1024x768.jpeg\" data-src=\"https:\/\/eldiariodesanpedro.com.ar\/sitio\/wp-content\/uploads\/2019\/08\/WhatsApp-Image-2019-08-02-at-11.47.081-1024x768.jpeg\" alt=\"\" class=\"wp-image-57365 lazyload\" data-srcset=\"https:\/\/eldiariodesanpedro.com.ar\/sitio\/wp-content\/uploads\/2019\/08\/WhatsApp-Image-2019-08-02-at-11.47.081-1024x768.jpeg 1024w, https:\/\/eldiariodesanpedro.com.ar\/sitio\/wp-content\/uploads\/2019\/08\/WhatsApp-Image-2019-08-02-at-11.47.081-300x225.jpeg 300w, https:\/\/eldiariodesanpedro.com.ar\/sitio\/wp-content\/uploads\/2019\/08\/WhatsApp-Image-2019-08-02-at-11.47.081-768x576.jpeg 768w, https:\/\/eldiariodesanpedro.com.ar\/sitio\/wp-content\/uploads\/2019\/08\/WhatsApp-Image-2019-08-02-at-11.47.081.jpeg 1040w\" data-sizes=\"(max-width: 1024px) 100vw, 1024px\" src=\"data:image\/svg+xml;base64,PHN2ZyB3aWR0aD0iMSIgaGVpZ2h0PSIxIiB4bWxucz0iaHR0cDovL3d3dy53My5vcmcvMjAwMC9zdmciPjwvc3ZnPg==\" style=\"--smush-placeholder-width: 1024px; --smush-placeholder-aspect-ratio: 1024\/768;\" \/><\/figure>\n","protected":false},"excerpt":{"rendered":"<p>Est\u00e1 ma\u00f1ana se realiz\u00f3 un acto en las puertas del consejo escolar, en conmemoraci\u00f3n convocado por el Frente de unidad docente San Pedro, a un a\u00f1o del tr\u00e1gico accidente en la Escuela N\u00ba 49 de Moreno, donde perdieron la vida Sandra Calamano y Rub\u00e9n Rodriguez, trabajadores de la educaci\u00f3n. El mismo recordatorio tuvo lugar a [&hellip;]<\/p>\n","protected":false},"author":4,"featured_media":57364,"comment_status":"open","ping_status":"closed","sticky":false,"template":"","format":"standard","meta":{"om_disable_all_campaigns":false,"_jetpack_memberships_contains_paid_content":false,"footnotes":""},"categories":[101,2],"tags":[],"class_list":["post-57356","post","type-post","status-publish","format-standard","has-post-thumbnail","hentry","category-interes-general-locales","category-locales"],"aioseo_notices":[],"gutentor_comment":0,"jetpack_featured_media_url":"https:\/\/eldiariodesanpedro.com.ar\/sitio\/wp-content\/uploads\/2019\/08\/WhatsApp-Image-2019-08-02-at-11.47.06.jpeg","jetpack_shortlink":"https:\/\/wp.me\/p6RhLt-eV6","jetpack_sharing_enabled":true,"_links":{"self":[{"href":"https:\/\/eldiariodesanpedro.com.ar\/sitio\/wp-json\/wp\/v2\/posts\/57356","targetHints":{"allow":["GET"]}}],"collection":[{"href":"https:\/\/eldiariodesanpedro.com.ar\/sitio\/wp-json\/wp\/v2\/posts"}],"about":[{"href":"https:\/\/eldiariodesanpedro.com.ar\/sitio\/wp-json\/wp\/v2\/types\/post"}],"author":[{"embeddable":true,"href":"https:\/\/eldiariodesanpedro.com.ar\/sitio\/wp-json\/wp\/v2\/users\/4"}],"replies":[{"embeddable":true,"href":"https:\/\/eldiariodesanpedro.com.ar\/sitio\/wp-json\/wp\/v2\/comments?post=57356"}],"version-history":[{"count":3,"href":"https:\/\/eldiariodesanpedro.com.ar\/sitio\/wp-json\/wp\/v2\/posts\/57356\/revisions"}],"predecessor-version":[{"id":57368,"href":"https:\/\/eldiariodesanpedro.com.ar\/sitio\/wp-json\/wp\/v2\/posts\/57356\/revisions\/57368"}],"wp:featuredmedia":[{"embeddable":true,"href":"https:\/\/eldiariodesanpedro.com.ar\/sitio\/wp-json\/wp\/v2\/media\/57364"}],"wp:attachment":[{"href":"https:\/\/eldiariodesanpedro.com.ar\/sitio\/wp-json\/wp\/v2\/media?parent=57356"}],"wp:term":[{"taxonomy":"category","embeddable":true,"href":"https:\/\/eldiariodesanpedro.com.ar\/sitio\/wp-json\/wp\/v2\/categories?post=57356"},{"taxonomy":"post_tag","embeddable":true,"href":"https:\/\/eldiariodesanpedro.com.ar\/sitio\/wp-json\/wp\/v2\/tags?post=57356"}],"curies":[{"name":"wp","href":"https:\/\/api.w.org\/{rel}","templated":true}]}}