{"id":57352,"date":"2019-08-02T11:14:34","date_gmt":"2019-08-02T14:14:34","guid":{"rendered":"https:\/\/eldiariodesanpedro.com.ar\/sitio\/?p=57352"},"modified":"2019-08-02T11:14:38","modified_gmt":"2019-08-02T14:14:38","slug":"ramallo-buscan-a-un-joven-desaparecido-en-el-rio-parana","status":"publish","type":"post","link":"https:\/\/eldiariodesanpedro.com.ar\/sitio\/ramallo-buscan-a-un-joven-desaparecido-en-el-rio-parana\/","title":{"rendered":"RAMALLO | Buscan a un joven desaparecido en el R\u00edo Paran\u00e1"},"content":{"rendered":"<!-- VideographyWP Plugin Message: Automatic video embedding prevented by plugin options. -->\n\n<p>Marcelo G\u00f3mez, de 30 a\u00f1os, cay\u00f3 al agua a la altura de la boca de los ex Astilleros Martins a la altura del KM 332 del R\u00edo Paran\u00e1, jurisdicci\u00f3n de Puerto Ramallo. El hecho se produjo cuando navegaba en un kayak que, por motivos que se desconocen, se dio vuelta. Su acompa\u00f1ante se mantuvo a flote y dio aviso a un buque arenero, lo que permiti\u00f3 el inicio de las tareas por parte de Prefectura San Nicol\u00e1s.\u00a0<\/p>\n\n\n\n<p>Desde la tarde de este jueves y hasta la noche, cuando debi\u00f3 interrumpirse la b\u00fasqueda por la falta de visibilidad, personal de Prefectura de San Nicol\u00e1s buscaba en las aguas del R\u00edo Paran\u00e1 a un joven de 30 a\u00f1os, oriundo de Ramallo, que cay\u00f3 al r\u00edo luego que se diera vuelta el kayak en el que viajaban.&nbsp;<\/p>\n\n\n\n<p>El hecho ocurri\u00f3 a la altura de la boca de los ex Astilleros Martins, en el KM 332 del R\u00edo Paran\u00e1, en principio por una mala maniobra que hizo que la embarcaci\u00f3n dieron una \u00abvuelta de campana\u00bb, cayendo Marcelo G\u00f3mez y su acompa\u00f1ante al agua.<\/p>\n\n\n\n<p>Un buque arenero divis\u00f3 al joven que logr\u00f3 mantenerse a flote y dio aviso al personal de Prefectura que comenz\u00f3 con la b\u00fasqueda. El sobreviviente relat\u00f3 que su amigo se hab\u00eda hundido tras darse vuelta, con la propia embarcaci\u00f3n en la que viajaban.<\/p>\n\n\n\n<p>Este viernes se retomaron las tareas de rastrillaje en el lugar, con la presencia de un guardacostas de Prefectura San Nicol\u00e1s y buzos de Prefectura Rosario.\u00a0<\/p>\n\n\n\n<p>Foto Ilustrativo<\/p>\n\n\n\n<p><br><\/p>\n","protected":false},"excerpt":{"rendered":"<p>Marcelo G\u00f3mez, de 30 a\u00f1os, cay\u00f3 al agua a la altura de la boca de los ex Astilleros Martins a la altura del KM 332 del R\u00edo Paran\u00e1, jurisdicci\u00f3n de Puerto Ramallo. El hecho se produjo cuando navegaba en un kayak que, por motivos que se desconocen, se dio vuelta. Su acompa\u00f1ante se mantuvo a [&hellip;]<\/p>\n","protected":false},"author":4,"featured_media":57353,"comment_status":"open","ping_status":"closed","sticky":false,"template":"","format":"standard","meta":{"om_disable_all_campaigns":false,"_jetpack_memberships_contains_paid_content":false,"footnotes":""},"categories":[621],"tags":[],"class_list":["post-57352","post","type-post","status-publish","format-standard","has-post-thumbnail","hentry","category-regionales"],"aioseo_notices":[],"gutentor_comment":0,"jetpack_featured_media_url":"https:\/\/eldiariodesanpedro.com.ar\/sitio\/wp-content\/uploads\/2019\/08\/no_76v2bp2joungfjcrio.jpg","jetpack_shortlink":"https:\/\/wp.me\/p6RhLt-eV2","jetpack_sharing_enabled":true,"_links":{"self":[{"href":"https:\/\/eldiariodesanpedro.com.ar\/sitio\/wp-json\/wp\/v2\/posts\/57352","targetHints":{"allow":["GET"]}}],"collection":[{"href":"https:\/\/eldiariodesanpedro.com.ar\/sitio\/wp-json\/wp\/v2\/posts"}],"about":[{"href":"https:\/\/eldiariodesanpedro.com.ar\/sitio\/wp-json\/wp\/v2\/types\/post"}],"author":[{"embeddable":true,"href":"https:\/\/eldiariodesanpedro.com.ar\/sitio\/wp-json\/wp\/v2\/users\/4"}],"replies":[{"embeddable":true,"href":"https:\/\/eldiariodesanpedro.com.ar\/sitio\/wp-json\/wp\/v2\/comments?post=57352"}],"version-history":[{"count":1,"href":"https:\/\/eldiariodesanpedro.com.ar\/sitio\/wp-json\/wp\/v2\/posts\/57352\/revisions"}],"predecessor-version":[{"id":57354,"href":"https:\/\/eldiariodesanpedro.com.ar\/sitio\/wp-json\/wp\/v2\/posts\/57352\/revisions\/57354"}],"wp:featuredmedia":[{"embeddable":true,"href":"https:\/\/eldiariodesanpedro.com.ar\/sitio\/wp-json\/wp\/v2\/media\/57353"}],"wp:attachment":[{"href":"https:\/\/eldiariodesanpedro.com.ar\/sitio\/wp-json\/wp\/v2\/media?parent=57352"}],"wp:term":[{"taxonomy":"category","embeddable":true,"href":"https:\/\/eldiariodesanpedro.com.ar\/sitio\/wp-json\/wp\/v2\/categories?post=57352"},{"taxonomy":"post_tag","embeddable":true,"href":"https:\/\/eldiariodesanpedro.com.ar\/sitio\/wp-json\/wp\/v2\/tags?post=57352"}],"curies":[{"name":"wp","href":"https:\/\/api.w.org\/{rel}","templated":true}]}}