{"id":57350,"date":"2019-08-02T11:10:09","date_gmt":"2019-08-02T14:10:09","guid":{"rendered":"https:\/\/eldiariodesanpedro.com.ar\/sitio\/?p=57350"},"modified":"2019-08-02T11:10:13","modified_gmt":"2019-08-02T14:10:13","slug":"se-realizaron-varias-aprehensiones-por-diferentes-circunstancias","status":"publish","type":"post","link":"https:\/\/eldiariodesanpedro.com.ar\/sitio\/se-realizaron-varias-aprehensiones-por-diferentes-circunstancias\/","title":{"rendered":"Se realizaron varias aprehensiones por diferentes circunstancias"},"content":{"rendered":"<!-- VideographyWP Plugin Message: Automatic video embedding prevented by plugin options. -->\n\n<p>En diferentes operativos realizado y\/o denuncias telef\u00f3nicas se logr\u00f3 la aprehensi\u00f3n de ciudadanos quienes no se encontraban a derecho ante la ley por lo que estuvieron demorados en la comisaria local.<\/p>\n\n\n\n<p>Un m\u00f3vil policial se constituy\u00f3 en el domicilio de Alvear\u00a0 al 1600, aprehenden all\u00ed en la v\u00eda p\u00fablica a masculino de 23 a\u00f1os quien se encontr\u00f3 infraganti da\u00f1ando abertura de morada perteneciente a su ex pareja de 21 a\u00f1os, a quien adem\u00e1s hab\u00eda amenazado de muerte y hab\u00eda violado domicilio tras saltar tejido.\u00a0<\/p>\n\n\n\n<p>En Casella y Bottaro, aprehendi\u00f3 a individuo de sexo masculino de 20 a\u00f1os, a quien se le secuestr\u00f3&nbsp; dos cigarrillos de marihuana.&nbsp;<\/p>\n\n\n\n<p>Tambi\u00e9n en calle Riobamba al 800 observan a ciudadano a quien encontr\u00e1ndose alterando el orden p\u00fablico, torn\u00e1ndose agresivo&nbsp; con intenciones agredir f\u00edsicamente al personal policial, por lo cual se logra aprehender a individuo  de 35 a\u00f1os.&nbsp;<\/p>\n\n\n\n<p>Horas m\u00e1s tarde en calle Rivadavia al 950, precede a aprehensi\u00f3n de masculino de 30 a\u00f1os, quien posee pedido de captura activo con fecha de alta el 15 de septiembre de 2014, solicitado por Juzgado Correccional N\u00b0 03. Se&nbsp; dispone comparendo a primera audiencia, certificaci\u00f3n de domicilio y posterior libertad.<\/p>\n\n\n\n<p>Adem\u00e1s en calle Mitre esquina Caseros, se aprehende a un joven de 16 a\u00f1os, quien posee pedido de captura activo, con fecha de alta 24 de mayo de 2019, solicitado por Jefatura Departamental Mercedes, al igual que el anterior debe comparecer ante la justicia en primera audiencia, certificaci\u00f3n de domicilio y posterior libertad siendo restituido a su progenitor.<br><\/p>\n","protected":false},"excerpt":{"rendered":"<p>En diferentes operativos realizado y\/o denuncias telef\u00f3nicas se logr\u00f3 la aprehensi\u00f3n de ciudadanos quienes no se encontraban a derecho ante la ley por lo que estuvieron demorados en la comisaria local. Un m\u00f3vil policial se constituy\u00f3 en el domicilio de Alvear\u00a0 al 1600, aprehenden all\u00ed en la v\u00eda p\u00fablica a masculino de 23 a\u00f1os quien [&hellip;]<\/p>\n","protected":false},"author":4,"featured_media":57215,"comment_status":"open","ping_status":"closed","sticky":false,"template":"","format":"standard","meta":{"om_disable_all_campaigns":false,"_jetpack_memberships_contains_paid_content":false,"footnotes":""},"categories":[2,103],"tags":[],"class_list":["post-57350","post","type-post","status-publish","format-standard","has-post-thumbnail","hentry","category-locales","category-policiales-locales"],"aioseo_notices":[],"gutentor_comment":0,"jetpack_featured_media_url":"https:\/\/eldiariodesanpedro.com.ar\/sitio\/wp-content\/uploads\/2019\/07\/comisaria_1.jpg","jetpack_shortlink":"https:\/\/wp.me\/p6RhLt-eV0","jetpack_sharing_enabled":true,"_links":{"self":[{"href":"https:\/\/eldiariodesanpedro.com.ar\/sitio\/wp-json\/wp\/v2\/posts\/57350","targetHints":{"allow":["GET"]}}],"collection":[{"href":"https:\/\/eldiariodesanpedro.com.ar\/sitio\/wp-json\/wp\/v2\/posts"}],"about":[{"href":"https:\/\/eldiariodesanpedro.com.ar\/sitio\/wp-json\/wp\/v2\/types\/post"}],"author":[{"embeddable":true,"href":"https:\/\/eldiariodesanpedro.com.ar\/sitio\/wp-json\/wp\/v2\/users\/4"}],"replies":[{"embeddable":true,"href":"https:\/\/eldiariodesanpedro.com.ar\/sitio\/wp-json\/wp\/v2\/comments?post=57350"}],"version-history":[{"count":1,"href":"https:\/\/eldiariodesanpedro.com.ar\/sitio\/wp-json\/wp\/v2\/posts\/57350\/revisions"}],"predecessor-version":[{"id":57351,"href":"https:\/\/eldiariodesanpedro.com.ar\/sitio\/wp-json\/wp\/v2\/posts\/57350\/revisions\/57351"}],"wp:featuredmedia":[{"embeddable":true,"href":"https:\/\/eldiariodesanpedro.com.ar\/sitio\/wp-json\/wp\/v2\/media\/57215"}],"wp:attachment":[{"href":"https:\/\/eldiariodesanpedro.com.ar\/sitio\/wp-json\/wp\/v2\/media?parent=57350"}],"wp:term":[{"taxonomy":"category","embeddable":true,"href":"https:\/\/eldiariodesanpedro.com.ar\/sitio\/wp-json\/wp\/v2\/categories?post=57350"},{"taxonomy":"post_tag","embeddable":true,"href":"https:\/\/eldiariodesanpedro.com.ar\/sitio\/wp-json\/wp\/v2\/tags?post=57350"}],"curies":[{"name":"wp","href":"https:\/\/api.w.org\/{rel}","templated":true}]}}