{"id":57347,"date":"2019-08-02T10:56:31","date_gmt":"2019-08-02T13:56:31","guid":{"rendered":"https:\/\/eldiariodesanpedro.com.ar\/sitio\/?p=57347"},"modified":"2019-08-02T10:56:35","modified_gmt":"2019-08-02T13:56:35","slug":"encuentran-una-motocicleta-abandonada-sin-pedido-de-secuestro","status":"publish","type":"post","link":"https:\/\/eldiariodesanpedro.com.ar\/sitio\/encuentran-una-motocicleta-abandonada-sin-pedido-de-secuestro\/","title":{"rendered":"Encuentran una motocicleta abandonada sin pedido de secuestro"},"content":{"rendered":"<!-- VideographyWP Plugin Message: Automatic video embedding prevented by plugin options. -->\n\n<p>Este jueves el personal policial de nuestra ciudad en el marco de los operativos en \u00a0 calle 31 entre boulevard Moreno y G\u00fcemes se procedi\u00f3 al secuestro y hallazgo, sin tenedor de moto veh\u00edculo 110 cc marca Brava\u00a0 cual no presentaba ning\u00fan impedimento legal.<\/p>\n\n\n\n<p>Foto Ilustrativa<\/p>\n","protected":false},"excerpt":{"rendered":"<p>Este jueves el personal policial de nuestra ciudad en el marco de los operativos en \u00a0 calle 31 entre boulevard Moreno y G\u00fcemes se procedi\u00f3 al secuestro y hallazgo, sin tenedor de moto veh\u00edculo 110 cc marca Brava\u00a0 cual no presentaba ning\u00fan impedimento legal. Foto Ilustrativa<\/p>\n","protected":false},"author":4,"featured_media":57348,"comment_status":"open","ping_status":"closed","sticky":false,"template":"","format":"standard","meta":{"om_disable_all_campaigns":false,"_jetpack_memberships_contains_paid_content":false,"footnotes":""},"categories":[2,103],"tags":[],"class_list":["post-57347","post","type-post","status-publish","format-standard","has-post-thumbnail","hentry","category-locales","category-policiales-locales"],"aioseo_notices":[],"gutentor_comment":0,"jetpack_featured_media_url":"https:\/\/eldiariodesanpedro.com.ar\/sitio\/wp-content\/uploads\/2019\/08\/1558279915407.jpg","jetpack_shortlink":"https:\/\/wp.me\/p6RhLt-eUX","jetpack_sharing_enabled":true,"_links":{"self":[{"href":"https:\/\/eldiariodesanpedro.com.ar\/sitio\/wp-json\/wp\/v2\/posts\/57347","targetHints":{"allow":["GET"]}}],"collection":[{"href":"https:\/\/eldiariodesanpedro.com.ar\/sitio\/wp-json\/wp\/v2\/posts"}],"about":[{"href":"https:\/\/eldiariodesanpedro.com.ar\/sitio\/wp-json\/wp\/v2\/types\/post"}],"author":[{"embeddable":true,"href":"https:\/\/eldiariodesanpedro.com.ar\/sitio\/wp-json\/wp\/v2\/users\/4"}],"replies":[{"embeddable":true,"href":"https:\/\/eldiariodesanpedro.com.ar\/sitio\/wp-json\/wp\/v2\/comments?post=57347"}],"version-history":[{"count":1,"href":"https:\/\/eldiariodesanpedro.com.ar\/sitio\/wp-json\/wp\/v2\/posts\/57347\/revisions"}],"predecessor-version":[{"id":57349,"href":"https:\/\/eldiariodesanpedro.com.ar\/sitio\/wp-json\/wp\/v2\/posts\/57347\/revisions\/57349"}],"wp:featuredmedia":[{"embeddable":true,"href":"https:\/\/eldiariodesanpedro.com.ar\/sitio\/wp-json\/wp\/v2\/media\/57348"}],"wp:attachment":[{"href":"https:\/\/eldiariodesanpedro.com.ar\/sitio\/wp-json\/wp\/v2\/media?parent=57347"}],"wp:term":[{"taxonomy":"category","embeddable":true,"href":"https:\/\/eldiariodesanpedro.com.ar\/sitio\/wp-json\/wp\/v2\/categories?post=57347"},{"taxonomy":"post_tag","embeddable":true,"href":"https:\/\/eldiariodesanpedro.com.ar\/sitio\/wp-json\/wp\/v2\/tags?post=57347"}],"curies":[{"name":"wp","href":"https:\/\/api.w.org\/{rel}","templated":true}]}}