{"id":57337,"date":"2019-08-02T10:39:53","date_gmt":"2019-08-02T13:39:53","guid":{"rendered":"https:\/\/eldiariodesanpedro.com.ar\/sitio\/?p=57337"},"modified":"2019-08-02T10:39:57","modified_gmt":"2019-08-02T13:39:57","slug":"presentacion-de-la-primera-exportacion-de-limones-a-india","status":"publish","type":"post","link":"https:\/\/eldiariodesanpedro.com.ar\/sitio\/presentacion-de-la-primera-exportacion-de-limones-a-india\/","title":{"rendered":"Presentaci\u00f3n de la primera exportaci\u00f3n de limones a India"},"content":{"rendered":"<!-- VideographyWP Plugin Message: Automatic video embedding prevented by plugin options. -->\n\n<p> San Pedro volvi\u00f3 a estar en el primer plano nacional de la agenda de la exportaci\u00f3n, este jueves, con la presentaci\u00f3n de la primera exportaci\u00f3n de limones a India, gestionada a trav\u00e9s de la empresa Ruta 9 Group y su Dep\u00f3sito Fiscal.<\/p>\n\n\n\n<p>Desde el gobierno local se viene respaldando a los emprendedores de la zona, en un momento en el que la apertura de nuevos mercados para la econom\u00eda argentina es fundamental.\u00a0<\/p>\n\n\n\n<p>Autoridades municipales y del HCD, recorrieron las instalaciones de la firma en donde se encontraba la carga de limones producida en Tucum\u00e1n, que ser\u00e1n exportadas en las pr\u00f3ximas horas.\u00a0<\/p>\n\n\n\n<p>Los funcionarios apuntaron en el mismo sentido, en sus mensajes de reconocimiento a los empresarios, ratificando la necesidad de incrementar operaciones como \u00e9sta que son tan importantes. La exportaci\u00f3n de esta carga de limones, lleg\u00f3 a los primeros planos de los medios nacionales, por tratarse de la primera operaci\u00f3n de este tipo que abre uno de los mercados m\u00e1s importantes para esta producci\u00f3n. <\/p>\n","protected":false},"excerpt":{"rendered":"<p>San Pedro volvi\u00f3 a estar en el primer plano nacional de la agenda de la exportaci\u00f3n, este jueves, con la presentaci\u00f3n de la primera exportaci\u00f3n de limones a India, gestionada a trav\u00e9s de la empresa Ruta 9 Group y su Dep\u00f3sito Fiscal. Desde el gobierno local se viene respaldando a los emprendedores de la zona, [&hellip;]<\/p>\n","protected":false},"author":4,"featured_media":57342,"comment_status":"open","ping_status":"closed","sticky":false,"template":"","format":"standard","meta":{"om_disable_all_campaigns":false,"_jetpack_memberships_contains_paid_content":false,"footnotes":""},"categories":[101,2],"tags":[],"class_list":["post-57337","post","type-post","status-publish","format-standard","has-post-thumbnail","hentry","category-interes-general-locales","category-locales"],"aioseo_notices":[],"gutentor_comment":0,"jetpack_featured_media_url":"https:\/\/eldiariodesanpedro.com.ar\/sitio\/wp-content\/uploads\/2019\/08\/2-1.jpg","jetpack_shortlink":"https:\/\/wp.me\/p6RhLt-eUN","jetpack_sharing_enabled":true,"_links":{"self":[{"href":"https:\/\/eldiariodesanpedro.com.ar\/sitio\/wp-json\/wp\/v2\/posts\/57337","targetHints":{"allow":["GET"]}}],"collection":[{"href":"https:\/\/eldiariodesanpedro.com.ar\/sitio\/wp-json\/wp\/v2\/posts"}],"about":[{"href":"https:\/\/eldiariodesanpedro.com.ar\/sitio\/wp-json\/wp\/v2\/types\/post"}],"author":[{"embeddable":true,"href":"https:\/\/eldiariodesanpedro.com.ar\/sitio\/wp-json\/wp\/v2\/users\/4"}],"replies":[{"embeddable":true,"href":"https:\/\/eldiariodesanpedro.com.ar\/sitio\/wp-json\/wp\/v2\/comments?post=57337"}],"version-history":[{"count":1,"href":"https:\/\/eldiariodesanpedro.com.ar\/sitio\/wp-json\/wp\/v2\/posts\/57337\/revisions"}],"predecessor-version":[{"id":57343,"href":"https:\/\/eldiariodesanpedro.com.ar\/sitio\/wp-json\/wp\/v2\/posts\/57337\/revisions\/57343"}],"wp:featuredmedia":[{"embeddable":true,"href":"https:\/\/eldiariodesanpedro.com.ar\/sitio\/wp-json\/wp\/v2\/media\/57342"}],"wp:attachment":[{"href":"https:\/\/eldiariodesanpedro.com.ar\/sitio\/wp-json\/wp\/v2\/media?parent=57337"}],"wp:term":[{"taxonomy":"category","embeddable":true,"href":"https:\/\/eldiariodesanpedro.com.ar\/sitio\/wp-json\/wp\/v2\/categories?post=57337"},{"taxonomy":"post_tag","embeddable":true,"href":"https:\/\/eldiariodesanpedro.com.ar\/sitio\/wp-json\/wp\/v2\/tags?post=57337"}],"curies":[{"name":"wp","href":"https:\/\/api.w.org\/{rel}","templated":true}]}}