{"id":57333,"date":"2019-08-02T09:45:29","date_gmt":"2019-08-02T12:45:29","guid":{"rendered":"https:\/\/eldiariodesanpedro.com.ar\/sitio\/?p=57333"},"modified":"2019-08-02T09:45:34","modified_gmt":"2019-08-02T12:45:34","slug":"agosto-en-el-centro-cultural","status":"publish","type":"post","link":"https:\/\/eldiariodesanpedro.com.ar\/sitio\/agosto-en-el-centro-cultural\/","title":{"rendered":"Agosto en el Centro Cultural"},"content":{"rendered":"<!-- VideographyWP Plugin Message: Automatic video embedding prevented by plugin options. -->\n\n<p>En esta oportunidad la muestra mensual, que ya se puede visitar, permite recorrer las obras de Mar\u00eda Obligado de Soto y Calvo y de Miguel \u00c1ngel Prelato.<\/p>\n\n\n\n<p>Es necesario reconocer y agradecer a todos y cada uno de los que hicieron posible esta muestra: Museo Hist\u00f3rico Fray Jos\u00e9 Mar\u00eda Bottaro; Sociedad Protectora de Ancianos; Biblioteca Popular Rafael Obligado; Mar\u00eda Ester Rodr\u00edguez; Elizabeth de Ant\u00f3n y Edgardo Pujol.<\/p>\n\n\n\n<p>*3 de agosto | 10 hs \u2013 Inauguraci\u00f3n muestra \u201cEl Legado\u201d de los artistas Mar\u00eda Obligado de Soto y Calvo y Miguel \u00c1ngel Prelato. La misma estar\u00e1 a cargo de la gu\u00eda de turismo Matilde Carreras y la profesora de arte Mirta Giosa.<\/p>\n\n\n\n<p>*12 al 16 de agosto | Semana de San Mart\u00edn a cargo de la Asociaci\u00f3n Sanmartiniana San Pedro<\/p>\n\n\n\n<p>*16 de agosto | 8 a 20 hs &#8211; Exposici\u00f3n de Bomberos Voluntarios San Pedro. Trajes equipamientos, m\u00f3viles y fotograf\u00edas.<\/p>\n\n\n\n<p>*25 de agosto | 15 a 18 hs &#8211;&nbsp;&nbsp;Segunda edici\u00f3n de Cultura Joven. Teatro, m\u00fasica y arte de j\u00f3venes para j\u00f3venes.&nbsp;<br>*31 de agosto | 17 hs &#8211;&nbsp;&nbsp;Proyecci\u00f3n de obra de teatro digitalizada \u201cUn rato con \u00e9l\u201d. Protagonizada por Adri\u00e1n Suar y Julio Ch\u00e1vez.<\/p>\n\n\n\n<p>*24 y 31 de agosto | 8.30 hs &#8211; Seminario de Historia Latinoamericana a cargo de la Profesora Rosal\u00eda Lenguitti. La actividad se extender\u00e1 por 7 clases.<\/p>\n\n\n\n<p>Contin\u00faan los talleres de Tango, Folklore, Ajedrez, Canto, Ritmos Urbanos, Pintura, Stand Up y Lenguaje de Se\u00f1as. Se suma el de Periodistas con el Celular, an\u00f3tate.<\/p>\n\n\n\n<figure class=\"wp-block-image\"><img decoding=\"async\" width=\"940\" height=\"788\" data-attachment-id=\"57334\" data-permalink=\"https:\/\/eldiariodesanpedro.com.ar\/sitio\/agosto-en-el-centro-cultural\/67436051_514904149051324_1185999830892150784_n\/\" data-orig-file=\"https:\/\/eldiariodesanpedro.com.ar\/sitio\/wp-content\/uploads\/2019\/08\/67436051_514904149051324_1185999830892150784_n.png\" data-orig-size=\"940,788\" data-comments-opened=\"1\" data-image-meta=\"{&quot;aperture&quot;:&quot;0&quot;,&quot;credit&quot;:&quot;&quot;,&quot;camera&quot;:&quot;&quot;,&quot;caption&quot;:&quot;&quot;,&quot;created_timestamp&quot;:&quot;0&quot;,&quot;copyright&quot;:&quot;&quot;,&quot;focal_length&quot;:&quot;0&quot;,&quot;iso&quot;:&quot;0&quot;,&quot;shutter_speed&quot;:&quot;0&quot;,&quot;title&quot;:&quot;&quot;,&quot;orientation&quot;:&quot;0&quot;}\" data-image-title=\"67436051_514904149051324_1185999830892150784_n\" data-image-description=\"\" data-image-caption=\"\" data-large-file=\"https:\/\/eldiariodesanpedro.com.ar\/sitio\/wp-content\/uploads\/2019\/08\/67436051_514904149051324_1185999830892150784_n.png\" data-src=\"https:\/\/eldiariodesanpedro.com.ar\/sitio\/wp-content\/uploads\/2019\/08\/67436051_514904149051324_1185999830892150784_n.png\" alt=\"\" class=\"wp-image-57334 lazyload\" data-srcset=\"https:\/\/eldiariodesanpedro.com.ar\/sitio\/wp-content\/uploads\/2019\/08\/67436051_514904149051324_1185999830892150784_n.png 940w, https:\/\/eldiariodesanpedro.com.ar\/sitio\/wp-content\/uploads\/2019\/08\/67436051_514904149051324_1185999830892150784_n-300x251.png 300w, https:\/\/eldiariodesanpedro.com.ar\/sitio\/wp-content\/uploads\/2019\/08\/67436051_514904149051324_1185999830892150784_n-768x644.png 768w\" data-sizes=\"(max-width: 940px) 100vw, 940px\" src=\"data:image\/svg+xml;base64,PHN2ZyB3aWR0aD0iMSIgaGVpZ2h0PSIxIiB4bWxucz0iaHR0cDovL3d3dy53My5vcmcvMjAwMC9zdmciPjwvc3ZnPg==\" style=\"--smush-placeholder-width: 940px; --smush-placeholder-aspect-ratio: 940\/788;\" \/><\/figure>\n","protected":false},"excerpt":{"rendered":"<p>En esta oportunidad la muestra mensual, que ya se puede visitar, permite recorrer las obras de Mar\u00eda Obligado de Soto y Calvo y de Miguel \u00c1ngel Prelato. Es necesario reconocer y agradecer a todos y cada uno de los que hicieron posible esta muestra: Museo Hist\u00f3rico Fray Jos\u00e9 Mar\u00eda Bottaro; Sociedad Protectora de Ancianos; Biblioteca [&hellip;]<\/p>\n","protected":false},"author":4,"featured_media":57335,"comment_status":"open","ping_status":"closed","sticky":false,"template":"","format":"standard","meta":{"om_disable_all_campaigns":false,"_jetpack_memberships_contains_paid_content":false,"footnotes":""},"categories":[2,103],"tags":[],"class_list":["post-57333","post","type-post","status-publish","format-standard","has-post-thumbnail","hentry","category-locales","category-policiales-locales"],"aioseo_notices":[],"gutentor_comment":0,"jetpack_featured_media_url":"https:\/\/eldiariodesanpedro.com.ar\/sitio\/wp-content\/uploads\/2019\/08\/whatsapp_image_2019-03-29_at_09.27.18.jpeg","jetpack_shortlink":"https:\/\/wp.me\/p6RhLt-eUJ","jetpack_sharing_enabled":true,"_links":{"self":[{"href":"https:\/\/eldiariodesanpedro.com.ar\/sitio\/wp-json\/wp\/v2\/posts\/57333","targetHints":{"allow":["GET"]}}],"collection":[{"href":"https:\/\/eldiariodesanpedro.com.ar\/sitio\/wp-json\/wp\/v2\/posts"}],"about":[{"href":"https:\/\/eldiariodesanpedro.com.ar\/sitio\/wp-json\/wp\/v2\/types\/post"}],"author":[{"embeddable":true,"href":"https:\/\/eldiariodesanpedro.com.ar\/sitio\/wp-json\/wp\/v2\/users\/4"}],"replies":[{"embeddable":true,"href":"https:\/\/eldiariodesanpedro.com.ar\/sitio\/wp-json\/wp\/v2\/comments?post=57333"}],"version-history":[{"count":1,"href":"https:\/\/eldiariodesanpedro.com.ar\/sitio\/wp-json\/wp\/v2\/posts\/57333\/revisions"}],"predecessor-version":[{"id":57336,"href":"https:\/\/eldiariodesanpedro.com.ar\/sitio\/wp-json\/wp\/v2\/posts\/57333\/revisions\/57336"}],"wp:featuredmedia":[{"embeddable":true,"href":"https:\/\/eldiariodesanpedro.com.ar\/sitio\/wp-json\/wp\/v2\/media\/57335"}],"wp:attachment":[{"href":"https:\/\/eldiariodesanpedro.com.ar\/sitio\/wp-json\/wp\/v2\/media?parent=57333"}],"wp:term":[{"taxonomy":"category","embeddable":true,"href":"https:\/\/eldiariodesanpedro.com.ar\/sitio\/wp-json\/wp\/v2\/categories?post=57333"},{"taxonomy":"post_tag","embeddable":true,"href":"https:\/\/eldiariodesanpedro.com.ar\/sitio\/wp-json\/wp\/v2\/tags?post=57333"}],"curies":[{"name":"wp","href":"https:\/\/api.w.org\/{rel}","templated":true}]}}