{"id":57332,"date":"2019-08-02T09:55:53","date_gmt":"2019-08-02T12:55:53","guid":{"rendered":"https:\/\/eldiariodesanpedro.com.ar\/sitio\/?p=57332"},"modified":"2019-08-02T09:55:58","modified_gmt":"2019-08-02T12:55:58","slug":"accidente-el-conductor-de-la-motocicleta-se-encontraria-alcoholizado","status":"publish","type":"post","link":"https:\/\/eldiariodesanpedro.com.ar\/sitio\/accidente-el-conductor-de-la-motocicleta-se-encontraria-alcoholizado\/","title":{"rendered":"Accidente: El conductor de la motocicleta se encontrar\u00eda alcoholizado"},"content":{"rendered":"<!-- VideographyWP Plugin Message: Automatic video embedding prevented by plugin options. -->\n\n<p>Otro nuevo accidente se produjo esta ma\u00f1ana, en intersecci\u00f3n de las calles Arnaldo y An\u00edbal de Ant\u00f3n.  Un joven fue derivado al nosocomio local<\/p>\n\n\n\n<p>El evento sucedi\u00f3 pasada las 8 horas de este viernes, una camioneta Chevrolet colision\u00f3 con una motocicleta Honda tipo Cross.<\/p>\n\n\n\n<p>Seg\u00fan testigos el rodado menor era conducido por un joven que circulaba a alta velocidad por An\u00edbal de Ant\u00f3n, quien al llegar a intersecci\u00f3n impacta de lleno contra el veh\u00edculo de mayor porte.<\/p>\n\n\n\n<p>Como consecuencia fue trasladado al hospital por la ambulancia del SAME con heridas de car\u00e1cter leve en primer instancia.<\/p>\n\n\n\n<p>El conductor expres\u00f3 su enojo con el motociclista quien asegura se encontraba en estado de ebriedad y al momento del impacto quer\u00eda irse sin ser asistido.<\/p>\n\n\n\n<p>Investiga el hecho la fiscal\u00eda en turno.<\/p>\n\n\n\n<figure class=\"wp-block-image\"><img decoding=\"async\" width=\"720\" height=\"917\" data-attachment-id=\"57339\" data-permalink=\"https:\/\/eldiariodesanpedro.com.ar\/sitio\/accidente-el-conductor-de-la-motocicleta-se-encontraria-alcoholizado\/screenshot_20190802-0937492\/\" data-orig-file=\"https:\/\/eldiariodesanpedro.com.ar\/sitio\/wp-content\/uploads\/2019\/08\/Screenshot_20190802-0937492.png\" data-orig-size=\"720,917\" data-comments-opened=\"1\" data-image-meta=\"{&quot;aperture&quot;:&quot;0&quot;,&quot;credit&quot;:&quot;&quot;,&quot;camera&quot;:&quot;&quot;,&quot;caption&quot;:&quot;&quot;,&quot;created_timestamp&quot;:&quot;0&quot;,&quot;copyright&quot;:&quot;&quot;,&quot;focal_length&quot;:&quot;0&quot;,&quot;iso&quot;:&quot;0&quot;,&quot;shutter_speed&quot;:&quot;0&quot;,&quot;title&quot;:&quot;&quot;,&quot;orientation&quot;:&quot;0&quot;}\" data-image-title=\"Screenshot_20190802-093749~2\" data-image-description=\"\" data-image-caption=\"\" data-large-file=\"https:\/\/eldiariodesanpedro.com.ar\/sitio\/wp-content\/uploads\/2019\/08\/Screenshot_20190802-0937492.png\" data-src=\"https:\/\/eldiariodesanpedro.com.ar\/sitio\/wp-content\/uploads\/2019\/08\/Screenshot_20190802-0937492.png\" alt=\"\" class=\"wp-image-57339 lazyload\" data-srcset=\"https:\/\/eldiariodesanpedro.com.ar\/sitio\/wp-content\/uploads\/2019\/08\/Screenshot_20190802-0937492.png 720w, https:\/\/eldiariodesanpedro.com.ar\/sitio\/wp-content\/uploads\/2019\/08\/Screenshot_20190802-0937492-236x300.png 236w\" data-sizes=\"(max-width: 720px) 100vw, 720px\" src=\"data:image\/svg+xml;base64,PHN2ZyB3aWR0aD0iMSIgaGVpZ2h0PSIxIiB4bWxucz0iaHR0cDovL3d3dy53My5vcmcvMjAwMC9zdmciPjwvc3ZnPg==\" style=\"--smush-placeholder-width: 720px; --smush-placeholder-aspect-ratio: 720\/917;\" \/><\/figure>\n","protected":false},"excerpt":{"rendered":"<p>Otro nuevo accidente se produjo esta ma\u00f1ana, en intersecci\u00f3n de las calles Arnaldo y An\u00edbal de Ant\u00f3n. Un joven fue derivado al nosocomio local El evento sucedi\u00f3 pasada las 8 horas de este viernes, una camioneta Chevrolet colision\u00f3 con una motocicleta Honda tipo Cross. Seg\u00fan testigos el rodado menor era conducido por un joven que [&hellip;]<\/p>\n","protected":false},"author":4,"featured_media":57340,"comment_status":"open","ping_status":"closed","sticky":false,"template":"","format":"standard","meta":{"om_disable_all_campaigns":false,"_jetpack_memberships_contains_paid_content":false,"footnotes":""},"categories":[2,103],"tags":[],"class_list":["post-57332","post","type-post","status-publish","format-standard","has-post-thumbnail","hentry","category-locales","category-policiales-locales"],"aioseo_notices":[],"gutentor_comment":0,"jetpack_featured_media_url":"https:\/\/eldiariodesanpedro.com.ar\/sitio\/wp-content\/uploads\/2019\/08\/Screenshot_20190802-0937392.png","jetpack_shortlink":"https:\/\/wp.me\/p6RhLt-eUI","jetpack_sharing_enabled":true,"_links":{"self":[{"href":"https:\/\/eldiariodesanpedro.com.ar\/sitio\/wp-json\/wp\/v2\/posts\/57332","targetHints":{"allow":["GET"]}}],"collection":[{"href":"https:\/\/eldiariodesanpedro.com.ar\/sitio\/wp-json\/wp\/v2\/posts"}],"about":[{"href":"https:\/\/eldiariodesanpedro.com.ar\/sitio\/wp-json\/wp\/v2\/types\/post"}],"author":[{"embeddable":true,"href":"https:\/\/eldiariodesanpedro.com.ar\/sitio\/wp-json\/wp\/v2\/users\/4"}],"replies":[{"embeddable":true,"href":"https:\/\/eldiariodesanpedro.com.ar\/sitio\/wp-json\/wp\/v2\/comments?post=57332"}],"version-history":[{"count":1,"href":"https:\/\/eldiariodesanpedro.com.ar\/sitio\/wp-json\/wp\/v2\/posts\/57332\/revisions"}],"predecessor-version":[{"id":57341,"href":"https:\/\/eldiariodesanpedro.com.ar\/sitio\/wp-json\/wp\/v2\/posts\/57332\/revisions\/57341"}],"wp:featuredmedia":[{"embeddable":true,"href":"https:\/\/eldiariodesanpedro.com.ar\/sitio\/wp-json\/wp\/v2\/media\/57340"}],"wp:attachment":[{"href":"https:\/\/eldiariodesanpedro.com.ar\/sitio\/wp-json\/wp\/v2\/media?parent=57332"}],"wp:term":[{"taxonomy":"category","embeddable":true,"href":"https:\/\/eldiariodesanpedro.com.ar\/sitio\/wp-json\/wp\/v2\/categories?post=57332"},{"taxonomy":"post_tag","embeddable":true,"href":"https:\/\/eldiariodesanpedro.com.ar\/sitio\/wp-json\/wp\/v2\/tags?post=57332"}],"curies":[{"name":"wp","href":"https:\/\/api.w.org\/{rel}","templated":true}]}}