{"id":57271,"date":"2019-08-01T13:15:43","date_gmt":"2019-08-01T16:15:43","guid":{"rendered":"https:\/\/eldiariodesanpedro.com.ar\/sitio\/?p=57271"},"modified":"2019-08-01T13:15:48","modified_gmt":"2019-08-01T16:15:48","slug":"santa-lucia-en-un-rapido-accionar-la-policia-recupera-varios-elementos-robados","status":"publish","type":"post","link":"https:\/\/eldiariodesanpedro.com.ar\/sitio\/santa-lucia-en-un-rapido-accionar-la-policia-recupera-varios-elementos-robados\/","title":{"rendered":"SANTA LUC\u00cdA | En un r\u00e1pido accionar la polic\u00eda recupera varios elementos robados"},"content":{"rendered":"<!-- VideographyWP Plugin Message: Automatic video embedding prevented by plugin options. -->\n\n<p>Se realiz\u00f3 un allanamiento donde se secuestraron varios elementos de valor   que hab\u00eda sustra\u00eddos de una vivienda.<\/p>\n\n\n\n<p>El hecho ocurri\u00f3 el pasado mi\u00e9rcoles en la localidad de Santa Luc\u00eda en un domicilio ubicado en calle Sargento Cabral 400 donde un hombre de 59 a\u00f1os al regresar a su casa constata que le fue sustra\u00eddo una computadora, una notebook, elementos de sonido, motocicleta Guerrero 110 cc entre otros muebles.<\/p>\n\n\n\n<p>En un r\u00e1pido accionar de los efectivos del destacamento local tras tareas de investigaciones a cargo de Antonio oliveto logr\u00f3 establecer  fehacientemente la autor\u00eda del hecho un masculino de 21 a\u00f1os por lo que se  solicitada una diligencia urgente de allanamiento en una vivienda de la calle\u00a025 de Mayo al 400 donde se logra recuperar todo lo sustra\u00eddo. <\/p>\n","protected":false},"excerpt":{"rendered":"<p>Se realiz\u00f3 un allanamiento donde se secuestraron varios elementos de valor que hab\u00eda sustra\u00eddos de una vivienda. El hecho ocurri\u00f3 el pasado mi\u00e9rcoles en la localidad de Santa Luc\u00eda en un domicilio ubicado en calle Sargento Cabral 400 donde un hombre de 59 a\u00f1os al regresar a su casa constata que le fue sustra\u00eddo una [&hellip;]<\/p>\n","protected":false},"author":4,"featured_media":56528,"comment_status":"open","ping_status":"closed","sticky":false,"template":"","format":"standard","meta":{"om_disable_all_campaigns":false,"_jetpack_memberships_contains_paid_content":false,"footnotes":""},"categories":[2,103],"tags":[],"class_list":["post-57271","post","type-post","status-publish","format-standard","has-post-thumbnail","hentry","category-locales","category-policiales-locales"],"aioseo_notices":[],"gutentor_comment":0,"jetpack_featured_media_url":"https:\/\/eldiariodesanpedro.com.ar\/sitio\/wp-content\/uploads\/2019\/07\/patrulla66-1024x680.jpg","jetpack_shortlink":"https:\/\/wp.me\/p6RhLt-eTJ","jetpack_sharing_enabled":true,"_links":{"self":[{"href":"https:\/\/eldiariodesanpedro.com.ar\/sitio\/wp-json\/wp\/v2\/posts\/57271","targetHints":{"allow":["GET"]}}],"collection":[{"href":"https:\/\/eldiariodesanpedro.com.ar\/sitio\/wp-json\/wp\/v2\/posts"}],"about":[{"href":"https:\/\/eldiariodesanpedro.com.ar\/sitio\/wp-json\/wp\/v2\/types\/post"}],"author":[{"embeddable":true,"href":"https:\/\/eldiariodesanpedro.com.ar\/sitio\/wp-json\/wp\/v2\/users\/4"}],"replies":[{"embeddable":true,"href":"https:\/\/eldiariodesanpedro.com.ar\/sitio\/wp-json\/wp\/v2\/comments?post=57271"}],"version-history":[{"count":1,"href":"https:\/\/eldiariodesanpedro.com.ar\/sitio\/wp-json\/wp\/v2\/posts\/57271\/revisions"}],"predecessor-version":[{"id":57272,"href":"https:\/\/eldiariodesanpedro.com.ar\/sitio\/wp-json\/wp\/v2\/posts\/57271\/revisions\/57272"}],"wp:featuredmedia":[{"embeddable":true,"href":"https:\/\/eldiariodesanpedro.com.ar\/sitio\/wp-json\/wp\/v2\/media\/56528"}],"wp:attachment":[{"href":"https:\/\/eldiariodesanpedro.com.ar\/sitio\/wp-json\/wp\/v2\/media?parent=57271"}],"wp:term":[{"taxonomy":"category","embeddable":true,"href":"https:\/\/eldiariodesanpedro.com.ar\/sitio\/wp-json\/wp\/v2\/categories?post=57271"},{"taxonomy":"post_tag","embeddable":true,"href":"https:\/\/eldiariodesanpedro.com.ar\/sitio\/wp-json\/wp\/v2\/tags?post=57271"}],"curies":[{"name":"wp","href":"https:\/\/api.w.org\/{rel}","templated":true}]}}