{"id":57269,"date":"2019-08-01T13:00:44","date_gmt":"2019-08-01T16:00:44","guid":{"rendered":"https:\/\/eldiariodesanpedro.com.ar\/sitio\/?p=57269"},"modified":"2019-08-01T13:00:49","modified_gmt":"2019-08-01T16:00:49","slug":"un-aprehendido-por-robar-una-bicicleta","status":"publish","type":"post","link":"https:\/\/eldiariodesanpedro.com.ar\/sitio\/un-aprehendido-por-robar-una-bicicleta\/","title":{"rendered":"Un aprehendido por robar una bicicleta"},"content":{"rendered":"<!-- VideographyWP Plugin Message: Automatic video embedding prevented by plugin options. -->\n\n<p>Este mi\u00e9rcoles la polic\u00eda de la dependencia local aprehende a un delincuente que minutos antes hab\u00eda cometido un il\u00edcito. <\/p>\n\n\n\n<p>Este mi\u00e9rcoles en horas de la tarde se aprehende a un joven menor de edad de 16 a\u00f1os que momentos antes hab\u00eda sustra\u00eddo una bicicleta que se encontraba dentro del estacionamiento del supermercado Vea ubicado en calle Ituzaingo y Balcarce.<\/p>\n\n\n\n<p>El joven trasladado a la comisar\u00eda local siendo entregado a sus progenitores y la bicicleta restituida a la propietaria.<\/p>\n","protected":false},"excerpt":{"rendered":"<p>Este mi\u00e9rcoles la polic\u00eda de la dependencia local aprehende a un delincuente que minutos antes hab\u00eda cometido un il\u00edcito. Este mi\u00e9rcoles en horas de la tarde se aprehende a un joven menor de edad de 16 a\u00f1os que momentos antes hab\u00eda sustra\u00eddo una bicicleta que se encontraba dentro del estacionamiento del supermercado Vea ubicado en [&hellip;]<\/p>\n","protected":false},"author":4,"featured_media":56535,"comment_status":"open","ping_status":"closed","sticky":false,"template":"","format":"standard","meta":{"om_disable_all_campaigns":false,"_jetpack_memberships_contains_paid_content":false,"footnotes":""},"categories":[2,103],"tags":[],"class_list":["post-57269","post","type-post","status-publish","format-standard","has-post-thumbnail","hentry","category-locales","category-policiales-locales"],"aioseo_notices":[],"gutentor_comment":0,"jetpack_featured_media_url":"https:\/\/eldiariodesanpedro.com.ar\/sitio\/wp-content\/uploads\/2019\/07\/aprehendido.jpg","jetpack_shortlink":"https:\/\/wp.me\/p6RhLt-eTH","jetpack_sharing_enabled":true,"_links":{"self":[{"href":"https:\/\/eldiariodesanpedro.com.ar\/sitio\/wp-json\/wp\/v2\/posts\/57269","targetHints":{"allow":["GET"]}}],"collection":[{"href":"https:\/\/eldiariodesanpedro.com.ar\/sitio\/wp-json\/wp\/v2\/posts"}],"about":[{"href":"https:\/\/eldiariodesanpedro.com.ar\/sitio\/wp-json\/wp\/v2\/types\/post"}],"author":[{"embeddable":true,"href":"https:\/\/eldiariodesanpedro.com.ar\/sitio\/wp-json\/wp\/v2\/users\/4"}],"replies":[{"embeddable":true,"href":"https:\/\/eldiariodesanpedro.com.ar\/sitio\/wp-json\/wp\/v2\/comments?post=57269"}],"version-history":[{"count":1,"href":"https:\/\/eldiariodesanpedro.com.ar\/sitio\/wp-json\/wp\/v2\/posts\/57269\/revisions"}],"predecessor-version":[{"id":57270,"href":"https:\/\/eldiariodesanpedro.com.ar\/sitio\/wp-json\/wp\/v2\/posts\/57269\/revisions\/57270"}],"wp:featuredmedia":[{"embeddable":true,"href":"https:\/\/eldiariodesanpedro.com.ar\/sitio\/wp-json\/wp\/v2\/media\/56535"}],"wp:attachment":[{"href":"https:\/\/eldiariodesanpedro.com.ar\/sitio\/wp-json\/wp\/v2\/media?parent=57269"}],"wp:term":[{"taxonomy":"category","embeddable":true,"href":"https:\/\/eldiariodesanpedro.com.ar\/sitio\/wp-json\/wp\/v2\/categories?post=57269"},{"taxonomy":"post_tag","embeddable":true,"href":"https:\/\/eldiariodesanpedro.com.ar\/sitio\/wp-json\/wp\/v2\/tags?post=57269"}],"curies":[{"name":"wp","href":"https:\/\/api.w.org\/{rel}","templated":true}]}}