{"id":57264,"date":"2019-08-01T12:28:45","date_gmt":"2019-08-01T15:28:45","guid":{"rendered":"https:\/\/eldiariodesanpedro.com.ar\/sitio\/?p=57264"},"modified":"2019-08-01T12:28:50","modified_gmt":"2019-08-01T15:28:50","slug":"el-intendente-recorrio-obras-escolares-en-rio-tala","status":"publish","type":"post","link":"https:\/\/eldiariodesanpedro.com.ar\/sitio\/el-intendente-recorrio-obras-escolares-en-rio-tala\/","title":{"rendered":"El Intendente recorri\u00f3 obras escolares en Rio Tala"},"content":{"rendered":"<!-- VideographyWP Plugin Message: Automatic video embedding prevented by plugin options. -->\n\n<p> El Intendente Municipal Cecilio Salazar, junto a su equipo de trabajo y miembros del Concejo Escolar, realizaron una recorrida por las obras de dos establecimientos educativos de Rio Tala. La misma comenz\u00f3 en la Escuela Agrot\u00e9cnica de R\u00edo Tala, en donde ya se complet\u00f3 la construcci\u00f3n un amplio anexo para diversas actividades que ha incrementado las posibilidades de este establecimiento modelo en la regi\u00f3n.\u00a0<\/p>\n\n\n\n<p>Adem\u00e1s de tomar contacto con autoridades de la escuela y de conocer c\u00f3mo es el funcionamiento a partir de estas obras, se comprometieron acciones para concretar la ampliaci\u00f3n del equipamiento formativo que se necesita y la interacci\u00f3n con empresas relacionadas con el agro que puedan acceder a los programas a los cu\u00e1les pueden beneficiarse con un cr\u00e9dito fiscal, realizando aportes para el mejoramiento de las condiciones la escuela de la que egresar\u00e1n recursos humanos muy valiosos para todo el sector.<\/p>\n\n\n\n<p>En este nuevo espacio, que se suma a lo realizado durante la construcci\u00f3n de la escuela, van a funcionar dos aulas para capacitaci\u00f3n, un espacio para la elaboraci\u00f3n de chacinados, otro para la extracci\u00f3n de miel, laboratorio, producci\u00f3n de dulces y un sal\u00f3n de usos m\u00faltiples.<\/p>\n\n\n\n<p>Luego, en el Jard\u00edn de Infantes N\u00b0 904 \u201cMar\u00eda Antonia Bouzon\u201d de Rio Tala, recorrieron las obras que se llevan a cabo en dicho establecimiento educativo y que consiste en el cambio de todas las aberturas del jard\u00edn y obras en los techos para evitar filtraciones. <\/p>\n\n\n\n<figure class=\"wp-block-image\"><img decoding=\"async\" width=\"1024\" height=\"683\" data-attachment-id=\"57265\" data-permalink=\"https:\/\/eldiariodesanpedro.com.ar\/sitio\/el-intendente-recorrio-obras-escolares-en-rio-tala\/bi4a0141\/\" data-orig-file=\"https:\/\/eldiariodesanpedro.com.ar\/sitio\/wp-content\/uploads\/2019\/08\/BI4A0141.jpg\" data-orig-size=\"5760,3840\" data-comments-opened=\"1\" data-image-meta=\"{&quot;aperture&quot;:&quot;8&quot;,&quot;credit&quot;:&quot;&quot;,&quot;camera&quot;:&quot;Canon EOS 5D Mark III&quot;,&quot;caption&quot;:&quot;&quot;,&quot;created_timestamp&quot;:&quot;1572255897&quot;,&quot;copyright&quot;:&quot;&quot;,&quot;focal_length&quot;:&quot;24&quot;,&quot;iso&quot;:&quot;400&quot;,&quot;shutter_speed&quot;:&quot;0.005&quot;,&quot;title&quot;:&quot;&quot;,&quot;orientation&quot;:&quot;0&quot;}\" data-image-title=\"BI4A0141\" data-image-description=\"\" data-image-caption=\"\" data-large-file=\"https:\/\/eldiariodesanpedro.com.ar\/sitio\/wp-content\/uploads\/2019\/08\/BI4A0141-1024x683.jpg\" data-src=\"https:\/\/eldiariodesanpedro.com.ar\/sitio\/wp-content\/uploads\/2019\/08\/BI4A0141-1024x683.jpg\" alt=\"\" class=\"wp-image-57265 lazyload\" data-srcset=\"https:\/\/eldiariodesanpedro.com.ar\/sitio\/wp-content\/uploads\/2019\/08\/BI4A0141-1024x683.jpg 1024w, https:\/\/eldiariodesanpedro.com.ar\/sitio\/wp-content\/uploads\/2019\/08\/BI4A0141-300x200.jpg 300w, https:\/\/eldiariodesanpedro.com.ar\/sitio\/wp-content\/uploads\/2019\/08\/BI4A0141-768x512.jpg 768w\" data-sizes=\"(max-width: 1024px) 100vw, 1024px\" src=\"data:image\/svg+xml;base64,PHN2ZyB3aWR0aD0iMSIgaGVpZ2h0PSIxIiB4bWxucz0iaHR0cDovL3d3dy53My5vcmcvMjAwMC9zdmciPjwvc3ZnPg==\" style=\"--smush-placeholder-width: 1024px; --smush-placeholder-aspect-ratio: 1024\/683;\" \/><\/figure>\n\n\n\n<figure class=\"wp-block-image\"><img decoding=\"async\" width=\"1024\" height=\"735\" data-attachment-id=\"57267\" data-permalink=\"https:\/\/eldiariodesanpedro.com.ar\/sitio\/el-intendente-recorrio-obras-escolares-en-rio-tala\/2-71\/\" data-orig-file=\"https:\/\/eldiariodesanpedro.com.ar\/sitio\/wp-content\/uploads\/2019\/08\/2.jpg\" data-orig-size=\"4993,3586\" data-comments-opened=\"1\" data-image-meta=\"{&quot;aperture&quot;:&quot;5.6&quot;,&quot;credit&quot;:&quot;&quot;,&quot;camera&quot;:&quot;Canon EOS 5D Mark III&quot;,&quot;caption&quot;:&quot;&quot;,&quot;created_timestamp&quot;:&quot;1572252391&quot;,&quot;copyright&quot;:&quot;&quot;,&quot;focal_length&quot;:&quot;55&quot;,&quot;iso&quot;:&quot;400&quot;,&quot;shutter_speed&quot;:&quot;0.01&quot;,&quot;title&quot;:&quot;&quot;,&quot;orientation&quot;:&quot;0&quot;}\" data-image-title=\"2\" data-image-description=\"\" data-image-caption=\"\" data-large-file=\"https:\/\/eldiariodesanpedro.com.ar\/sitio\/wp-content\/uploads\/2019\/08\/2-1024x735.jpg\" data-src=\"https:\/\/eldiariodesanpedro.com.ar\/sitio\/wp-content\/uploads\/2019\/08\/2-1024x735.jpg\" alt=\"\" class=\"wp-image-57267 lazyload\" data-srcset=\"https:\/\/eldiariodesanpedro.com.ar\/sitio\/wp-content\/uploads\/2019\/08\/2-1024x735.jpg 1024w, https:\/\/eldiariodesanpedro.com.ar\/sitio\/wp-content\/uploads\/2019\/08\/2-300x215.jpg 300w, https:\/\/eldiariodesanpedro.com.ar\/sitio\/wp-content\/uploads\/2019\/08\/2-768x552.jpg 768w\" data-sizes=\"(max-width: 1024px) 100vw, 1024px\" src=\"data:image\/svg+xml;base64,PHN2ZyB3aWR0aD0iMSIgaGVpZ2h0PSIxIiB4bWxucz0iaHR0cDovL3d3dy53My5vcmcvMjAwMC9zdmciPjwvc3ZnPg==\" style=\"--smush-placeholder-width: 1024px; --smush-placeholder-aspect-ratio: 1024\/735;\" \/><\/figure>\n","protected":false},"excerpt":{"rendered":"<p>El Intendente Municipal Cecilio Salazar, junto a su equipo de trabajo y miembros del Concejo Escolar, realizaron una recorrida por las obras de dos establecimientos educativos de Rio Tala. La misma comenz\u00f3 en la Escuela Agrot\u00e9cnica de R\u00edo Tala, en donde ya se complet\u00f3 la construcci\u00f3n un amplio anexo para diversas actividades que ha incrementado [&hellip;]<\/p>\n","protected":false},"author":4,"featured_media":57266,"comment_status":"open","ping_status":"closed","sticky":false,"template":"","format":"standard","meta":{"om_disable_all_campaigns":false,"_jetpack_memberships_contains_paid_content":false,"footnotes":""},"categories":[2,103],"tags":[],"class_list":["post-57264","post","type-post","status-publish","format-standard","has-post-thumbnail","hentry","category-locales","category-policiales-locales"],"aioseo_notices":[],"gutentor_comment":0,"jetpack_featured_media_url":"https:\/\/eldiariodesanpedro.com.ar\/sitio\/wp-content\/uploads\/2019\/08\/1-1.jpg","jetpack_shortlink":"https:\/\/wp.me\/p6RhLt-eTC","jetpack_sharing_enabled":true,"_links":{"self":[{"href":"https:\/\/eldiariodesanpedro.com.ar\/sitio\/wp-json\/wp\/v2\/posts\/57264","targetHints":{"allow":["GET"]}}],"collection":[{"href":"https:\/\/eldiariodesanpedro.com.ar\/sitio\/wp-json\/wp\/v2\/posts"}],"about":[{"href":"https:\/\/eldiariodesanpedro.com.ar\/sitio\/wp-json\/wp\/v2\/types\/post"}],"author":[{"embeddable":true,"href":"https:\/\/eldiariodesanpedro.com.ar\/sitio\/wp-json\/wp\/v2\/users\/4"}],"replies":[{"embeddable":true,"href":"https:\/\/eldiariodesanpedro.com.ar\/sitio\/wp-json\/wp\/v2\/comments?post=57264"}],"version-history":[{"count":1,"href":"https:\/\/eldiariodesanpedro.com.ar\/sitio\/wp-json\/wp\/v2\/posts\/57264\/revisions"}],"predecessor-version":[{"id":57268,"href":"https:\/\/eldiariodesanpedro.com.ar\/sitio\/wp-json\/wp\/v2\/posts\/57264\/revisions\/57268"}],"wp:featuredmedia":[{"embeddable":true,"href":"https:\/\/eldiariodesanpedro.com.ar\/sitio\/wp-json\/wp\/v2\/media\/57266"}],"wp:attachment":[{"href":"https:\/\/eldiariodesanpedro.com.ar\/sitio\/wp-json\/wp\/v2\/media?parent=57264"}],"wp:term":[{"taxonomy":"category","embeddable":true,"href":"https:\/\/eldiariodesanpedro.com.ar\/sitio\/wp-json\/wp\/v2\/categories?post=57264"},{"taxonomy":"post_tag","embeddable":true,"href":"https:\/\/eldiariodesanpedro.com.ar\/sitio\/wp-json\/wp\/v2\/tags?post=57264"}],"curies":[{"name":"wp","href":"https:\/\/api.w.org\/{rel}","templated":true}]}}