{"id":57260,"date":"2019-08-01T11:54:20","date_gmt":"2019-08-01T14:54:20","guid":{"rendered":"https:\/\/eldiariodesanpedro.com.ar\/sitio\/?p=57260"},"modified":"2019-08-01T11:54:24","modified_gmt":"2019-08-01T14:54:24","slug":"fiscal-ramos-la-mama-de-la-menor-victima-de-abuso-se-declaro-culpable-por-asesinar-al-autor-del-hecho","status":"publish","type":"post","link":"https:\/\/eldiariodesanpedro.com.ar\/sitio\/fiscal-ramos-la-mama-de-la-menor-victima-de-abuso-se-declaro-culpable-por-asesinar-al-autor-del-hecho\/","title":{"rendered":"Fiscal Ramos: La mam\u00e1 de la menor v\u00edctima de abuso se declar\u00f3 culpable por asesinar al autor del hecho"},"content":{"rendered":"<!-- VideographyWP Plugin Message: Automatic video embedding prevented by plugin options. -->\n\n<p><a href=\"https:\/\/eldiariodesanpedro.com.ar\/sitio\/wp-admin\/post.php?post=57229&amp;action=edit\"><\/a>La localidad vecina de Gobernador Castro vivi\u00f3 un violento episodio este mi\u00e9rcoles por la tarde noche, cuando un hombre fue atacado por un grupo de personas en su vivienda, donde lo golpearon brutalmente provoc\u00e1ndole luego su muerte.<\/p>\n\n\n\n<p>El violento hecho sucedi\u00f3 cuando un grupo de personas ingresaron a la casa del fallecido para golpearlo a golpes de pu\u00f1o, patadas, con elementos contundentes y hasta con un arma blanca, provoc\u00e1ndole lesiones cortantes. El hombre muri\u00f3 en el nosocomio local por un traumatismo de cr\u00e1neo severo.<\/p>\n\n\n\n<p>Se habla de un ajuste de cuentas, vecinos de la localidad afirman que habr\u00eda abusado sexualmente de una nena de 4 a\u00f1os.<\/p>\n\n\n\n<p>La Doctora Viviana Ramos de la UFI 11 brindo detalles del caso<\/p>\n\n\n\n<p>\u00abPrimeramente encuentran a esta persona en una pensi\u00f3n, lo atacan y lo golpean entre todos, hay dos que se fugaron luego, 4 personas m\u00e1s que participaron y una mujer que se declar\u00f3 totalmente culpable\u00bb<\/p>\n\n\n\n<p>\u00abLa detenida desligo del hecho a los masculinos que estaban identificando,se hizo sola responsable ella, fueron entre 4 a 8 personas los atacantes que generaron las lesiones fatales\u00bb<\/p>\n\n\n\n<p>\u00abCastro es una comunidad peque\u00f1a, esta persona conviv\u00eda con la familia que lo atac\u00f3\u00bb<\/p>\n\n\n\n<p>\u00abHay una denuncia y datos de una situaci\u00f3n de una presunta abuso sexual a una ni\u00f1a, fue denunciado en la comisar\u00eda de la mujer, que ser\u00eda hija del atacante. Ya se hab\u00eda iniciado el protocolo a la investigaci\u00f3n , la menor ten\u00eda una referencia como v\u00edctima, lo llamaba por un sobrenombre, est\u00e1bamos investigando\u00bb<\/p>\n\n\n\n<p>\u00abLuego de esta denuncia el fallecido se va a vivir a una pensi\u00f3n donde luego lo encuentran, el logra escapar de ah\u00ed y termina en una zanja a pocos metros del lugar, donde lo encuentran los efectivos \u00ab<\/p>\n\n\n\n<p>\u00abHay tres testigos del hecho el due\u00f1o de la pensi\u00f3n, y dos vecinos, pero la mam\u00e1 de la menor se declar\u00f3 culpable sola, no quiso que los dem\u00e1s sean participes, estamos en proceso de investigaci\u00f3n\u00bb, culmin\u00f3.<\/p>\n","protected":false},"excerpt":{"rendered":"<p>La localidad vecina de Gobernador Castro vivi\u00f3 un violento episodio este mi\u00e9rcoles por la tarde noche, cuando un hombre fue atacado por un grupo de personas en su vivienda, donde lo golpearon brutalmente provoc\u00e1ndole luego su muerte. El violento hecho sucedi\u00f3 cuando un grupo de personas ingresaron a la casa del fallecido para golpearlo a [&hellip;]<\/p>\n","protected":false},"author":4,"featured_media":57262,"comment_status":"open","ping_status":"closed","sticky":false,"template":"","format":"standard","meta":{"om_disable_all_campaigns":false,"_jetpack_memberships_contains_paid_content":false,"footnotes":""},"categories":[50,2,103],"tags":[],"class_list":["post-57260","post","type-post","status-publish","format-standard","has-post-thumbnail","hentry","category-destacadas","category-locales","category-policiales-locales"],"aioseo_notices":[],"gutentor_comment":0,"jetpack_featured_media_url":"https:\/\/eldiariodesanpedro.com.ar\/sitio\/wp-content\/uploads\/2019\/08\/Screenshot_20190801-1152292.png","jetpack_shortlink":"https:\/\/wp.me\/p6RhLt-eTy","jetpack_sharing_enabled":true,"_links":{"self":[{"href":"https:\/\/eldiariodesanpedro.com.ar\/sitio\/wp-json\/wp\/v2\/posts\/57260","targetHints":{"allow":["GET"]}}],"collection":[{"href":"https:\/\/eldiariodesanpedro.com.ar\/sitio\/wp-json\/wp\/v2\/posts"}],"about":[{"href":"https:\/\/eldiariodesanpedro.com.ar\/sitio\/wp-json\/wp\/v2\/types\/post"}],"author":[{"embeddable":true,"href":"https:\/\/eldiariodesanpedro.com.ar\/sitio\/wp-json\/wp\/v2\/users\/4"}],"replies":[{"embeddable":true,"href":"https:\/\/eldiariodesanpedro.com.ar\/sitio\/wp-json\/wp\/v2\/comments?post=57260"}],"version-history":[{"count":1,"href":"https:\/\/eldiariodesanpedro.com.ar\/sitio\/wp-json\/wp\/v2\/posts\/57260\/revisions"}],"predecessor-version":[{"id":57263,"href":"https:\/\/eldiariodesanpedro.com.ar\/sitio\/wp-json\/wp\/v2\/posts\/57260\/revisions\/57263"}],"wp:featuredmedia":[{"embeddable":true,"href":"https:\/\/eldiariodesanpedro.com.ar\/sitio\/wp-json\/wp\/v2\/media\/57262"}],"wp:attachment":[{"href":"https:\/\/eldiariodesanpedro.com.ar\/sitio\/wp-json\/wp\/v2\/media?parent=57260"}],"wp:term":[{"taxonomy":"category","embeddable":true,"href":"https:\/\/eldiariodesanpedro.com.ar\/sitio\/wp-json\/wp\/v2\/categories?post=57260"},{"taxonomy":"post_tag","embeddable":true,"href":"https:\/\/eldiariodesanpedro.com.ar\/sitio\/wp-json\/wp\/v2\/tags?post=57260"}],"curies":[{"name":"wp","href":"https:\/\/api.w.org\/{rel}","templated":true}]}}