{"id":57255,"date":"2019-08-01T10:13:10","date_gmt":"2019-08-01T13:13:10","guid":{"rendered":"https:\/\/eldiariodesanpedro.com.ar\/sitio\/?p=57255"},"modified":"2019-08-01T10:13:14","modified_gmt":"2019-08-01T13:13:14","slug":"villa-constitucion-dos-ninas-murieron-en-un-accidente-en-la-autopista-a-la-altura-de-pavon","status":"publish","type":"post","link":"https:\/\/eldiariodesanpedro.com.ar\/sitio\/villa-constitucion-dos-ninas-murieron-en-un-accidente-en-la-autopista-a-la-altura-de-pavon\/","title":{"rendered":"VILLA CONSTITUCI\u00d3N | Dos ni\u00f1as murieron en un accidente en la autopista, a la altura de Pav\u00f3n"},"content":{"rendered":"<!-- VideographyWP Plugin Message: Automatic video embedding prevented by plugin options. -->\n\n<p>El violento choque, registrado en la ma\u00f1ana de hoy en la autopista Rosario-Buenos Aires, se cobr\u00f3 dos v\u00edctimas fatales, ya que a la ni\u00f1a de 8 a\u00f1os que muri\u00f3 en el Samco de Villa Constituci\u00f3n a causa de las lesiones recibidas, se agreg\u00f3 por la tarde otra peque\u00f1a de 6 a\u00f1os que viajaba en el mismo veh\u00edculo, mientras que un ni\u00f1o de 10 a\u00f1os sigue internado en el hospital V\u00edctor J. Vilela, en grave estado.\u00a0 <\/p>\n\n\n\n<p>De acuerdo al parte m\u00e9dico suministrado por la directora del efector, Viviana Esquivel, \u201cel ni\u00f1o ingres\u00f3 con politrauma grave, intubado, con asistencia respiratoria mec\u00e1nica. Se le realizar\u00e1n estudios complementarios para seguir evalu\u00e1ndolo y se lo tuvo que estabilizar, acorde a la gravedad del caso\u201d. Los padres de los ni\u00f1os permanec\u00edan internados en Villa Constituci\u00f3n.\u00a0 <\/p>\n\n\n\n<p> De acuerdo a la informaci\u00f3n preliminar relacionada con la mec\u00e1nica del siniestro, el auto y el cami\u00f3n colisionaron de frente, a la altura del kil\u00f3metro 253 de la Ruta 9. Seg\u00fan trascendi\u00f3, por causas que a\u00fan se tratan de establecer, el veh\u00edculo de marca Renault Logan, que circulaba en sentido Buenos Aires-Rosario con la familia, cruz\u00f3 de carril e impact\u00f3 contra un cami\u00f3n que iba en sentido contrario. <\/p>\n\n\n\n<p>Fuente: Diario El Norte<\/p>\n","protected":false},"excerpt":{"rendered":"<p>El violento choque, registrado en la ma\u00f1ana de hoy en la autopista Rosario-Buenos Aires, se cobr\u00f3 dos v\u00edctimas fatales, ya que a la ni\u00f1a de 8 a\u00f1os que muri\u00f3 en el Samco de Villa Constituci\u00f3n a causa de las lesiones recibidas, se agreg\u00f3 por la tarde otra peque\u00f1a de 6 a\u00f1os que viajaba en el [&hellip;]<\/p>\n","protected":false},"author":4,"featured_media":57256,"comment_status":"open","ping_status":"closed","sticky":false,"template":"","format":"standard","meta":{"om_disable_all_campaigns":false,"_jetpack_memberships_contains_paid_content":false,"footnotes":""},"categories":[621],"tags":[],"class_list":["post-57255","post","type-post","status-publish","format-standard","has-post-thumbnail","hentry","category-regionales"],"aioseo_notices":[],"gutentor_comment":0,"jetpack_featured_media_url":"https:\/\/eldiariodesanpedro.com.ar\/sitio\/wp-content\/uploads\/2019\/08\/0.jpg","jetpack_shortlink":"https:\/\/wp.me\/p6RhLt-eTt","jetpack_sharing_enabled":true,"_links":{"self":[{"href":"https:\/\/eldiariodesanpedro.com.ar\/sitio\/wp-json\/wp\/v2\/posts\/57255","targetHints":{"allow":["GET"]}}],"collection":[{"href":"https:\/\/eldiariodesanpedro.com.ar\/sitio\/wp-json\/wp\/v2\/posts"}],"about":[{"href":"https:\/\/eldiariodesanpedro.com.ar\/sitio\/wp-json\/wp\/v2\/types\/post"}],"author":[{"embeddable":true,"href":"https:\/\/eldiariodesanpedro.com.ar\/sitio\/wp-json\/wp\/v2\/users\/4"}],"replies":[{"embeddable":true,"href":"https:\/\/eldiariodesanpedro.com.ar\/sitio\/wp-json\/wp\/v2\/comments?post=57255"}],"version-history":[{"count":1,"href":"https:\/\/eldiariodesanpedro.com.ar\/sitio\/wp-json\/wp\/v2\/posts\/57255\/revisions"}],"predecessor-version":[{"id":57257,"href":"https:\/\/eldiariodesanpedro.com.ar\/sitio\/wp-json\/wp\/v2\/posts\/57255\/revisions\/57257"}],"wp:featuredmedia":[{"embeddable":true,"href":"https:\/\/eldiariodesanpedro.com.ar\/sitio\/wp-json\/wp\/v2\/media\/57256"}],"wp:attachment":[{"href":"https:\/\/eldiariodesanpedro.com.ar\/sitio\/wp-json\/wp\/v2\/media?parent=57255"}],"wp:term":[{"taxonomy":"category","embeddable":true,"href":"https:\/\/eldiariodesanpedro.com.ar\/sitio\/wp-json\/wp\/v2\/categories?post=57255"},{"taxonomy":"post_tag","embeddable":true,"href":"https:\/\/eldiariodesanpedro.com.ar\/sitio\/wp-json\/wp\/v2\/tags?post=57255"}],"curies":[{"name":"wp","href":"https:\/\/api.w.org\/{rel}","templated":true}]}}