{"id":57252,"date":"2019-08-01T10:08:33","date_gmt":"2019-08-01T13:08:33","guid":{"rendered":"https:\/\/eldiariodesanpedro.com.ar\/sitio\/?p=57252"},"modified":"2019-08-01T10:08:38","modified_gmt":"2019-08-01T13:08:38","slug":"zarate-de-vido-reclama-venir-detenido-a-su-chacra-en-zarate","status":"publish","type":"post","link":"https:\/\/eldiariodesanpedro.com.ar\/sitio\/zarate-de-vido-reclama-venir-detenido-a-su-chacra-en-zarate\/","title":{"rendered":"Z\u00c1RATE | De Vido reclama venir detenido a su chacra en Z\u00e1rate"},"content":{"rendered":"<!-- VideographyWP Plugin Message: Automatic video embedding prevented by plugin options. -->\n\n<p>De Vido cumplir\u00e1 70 a\u00f1os el pr\u00f3ximo 26 de diciembre, pero su defensa sostiene ya est\u00e1 transitado esta edad. \u00abEste razonamiento, tan l\u00f3gico como comprobable, remite a que cumplidos los 69 a\u00f1os, es decir, el traspaso de un total de 25.185 d\u00edas aproximadamente, comienza el recuento del a\u00f1o 70 de vida, momento en el cual nos encontramos\u00bb, sostuvo la defensa en un escrito al que accedi\u00f3 un medio nacional. Por ende, advierten que le corresponde el beneficio que le concede la ley a los reclusos de esa edad.<\/p>\n\n\n\n<p>Pero si ese argumento no fuese de por s\u00ed suficiente, sostiene el ex ministro que deber\u00eda concederse la prisi\u00f3n domiciliaria por razones humanitarias: es insulinodependiente, padece hipertensi\u00f3n arterial y enfermedad vascular coronaria, adem\u00e1s de \u00falceras y un n\u00f3dulo en el pulm\u00f3n y en prisi\u00f3n -se asegura- su cuadro se ha deteriorado.<\/p>\n\n\n\n<p>El art\u00edculo 32 de la ley 24660 establece que el juez \u00abpodr\u00e1 disponer\u00bb la domiciliaria, en ciertos casos, entre los que aparecen los enfermos que no puedan ser tratados debidamente o los que tengan m\u00e1s de 70 a\u00f1os. Entre la bater\u00eda de argumentos de la defensa de De Vido apareci\u00f3 incluso la jurisprudencia de la Corte Suprema que le otorg\u00f3 la prisi\u00f3n domiciliara a un preso de lesa humanidad en 2017 porque m\u00e1s all\u00e1 de la \u00abbarbarie\u00bb que se cometi\u00f3 en la dictadura el Estado se debe garantizar \u00abla imparcialidad en la aplicaci\u00f3n de las leyes\u00bb.<\/p>\n\n\n\n<p><strong>Fuente:&nbsp;<\/strong>Noticias Z\u00e1rate Alerta&nbsp;<\/p>\n","protected":false},"excerpt":{"rendered":"<p>De Vido cumplir\u00e1 70 a\u00f1os el pr\u00f3ximo 26 de diciembre, pero su defensa sostiene ya est\u00e1 transitado esta edad. \u00abEste razonamiento, tan l\u00f3gico como comprobable, remite a que cumplidos los 69 a\u00f1os, es decir, el traspaso de un total de 25.185 d\u00edas aproximadamente, comienza el recuento del a\u00f1o 70 de vida, momento en el cual [&hellip;]<\/p>\n","protected":false},"author":4,"featured_media":57253,"comment_status":"open","ping_status":"closed","sticky":false,"template":"","format":"standard","meta":{"om_disable_all_campaigns":false,"_jetpack_memberships_contains_paid_content":false,"footnotes":""},"categories":[621],"tags":[],"class_list":["post-57252","post","type-post","status-publish","format-standard","has-post-thumbnail","hentry","category-regionales"],"aioseo_notices":[],"gutentor_comment":0,"jetpack_featured_media_url":"https:\/\/eldiariodesanpedro.com.ar\/sitio\/wp-content\/uploads\/2019\/08\/de-vido-puerto-panal_657x400.jpg","jetpack_shortlink":"https:\/\/wp.me\/p6RhLt-eTq","jetpack_sharing_enabled":true,"_links":{"self":[{"href":"https:\/\/eldiariodesanpedro.com.ar\/sitio\/wp-json\/wp\/v2\/posts\/57252","targetHints":{"allow":["GET"]}}],"collection":[{"href":"https:\/\/eldiariodesanpedro.com.ar\/sitio\/wp-json\/wp\/v2\/posts"}],"about":[{"href":"https:\/\/eldiariodesanpedro.com.ar\/sitio\/wp-json\/wp\/v2\/types\/post"}],"author":[{"embeddable":true,"href":"https:\/\/eldiariodesanpedro.com.ar\/sitio\/wp-json\/wp\/v2\/users\/4"}],"replies":[{"embeddable":true,"href":"https:\/\/eldiariodesanpedro.com.ar\/sitio\/wp-json\/wp\/v2\/comments?post=57252"}],"version-history":[{"count":1,"href":"https:\/\/eldiariodesanpedro.com.ar\/sitio\/wp-json\/wp\/v2\/posts\/57252\/revisions"}],"predecessor-version":[{"id":57254,"href":"https:\/\/eldiariodesanpedro.com.ar\/sitio\/wp-json\/wp\/v2\/posts\/57252\/revisions\/57254"}],"wp:featuredmedia":[{"embeddable":true,"href":"https:\/\/eldiariodesanpedro.com.ar\/sitio\/wp-json\/wp\/v2\/media\/57253"}],"wp:attachment":[{"href":"https:\/\/eldiariodesanpedro.com.ar\/sitio\/wp-json\/wp\/v2\/media?parent=57252"}],"wp:term":[{"taxonomy":"category","embeddable":true,"href":"https:\/\/eldiariodesanpedro.com.ar\/sitio\/wp-json\/wp\/v2\/categories?post=57252"},{"taxonomy":"post_tag","embeddable":true,"href":"https:\/\/eldiariodesanpedro.com.ar\/sitio\/wp-json\/wp\/v2\/tags?post=57252"}],"curies":[{"name":"wp","href":"https:\/\/api.w.org\/{rel}","templated":true}]}}