{"id":57249,"date":"2019-08-01T10:06:43","date_gmt":"2019-08-01T13:06:43","guid":{"rendered":"https:\/\/eldiariodesanpedro.com.ar\/sitio\/?p=57249"},"modified":"2019-08-01T10:06:47","modified_gmt":"2019-08-01T13:06:47","slug":"baradero-caso-elizabeth-zurita-convocan-a-una-nueva-marcha-por-justicia","status":"publish","type":"post","link":"https:\/\/eldiariodesanpedro.com.ar\/sitio\/baradero-caso-elizabeth-zurita-convocan-a-una-nueva-marcha-por-justicia\/","title":{"rendered":"BARADERO | Caso Elizabeth Zurita: Convocan a una nueva marcha por justicia"},"content":{"rendered":"<!-- VideographyWP Plugin Message: Automatic video embedding prevented by plugin options. -->\n\n<p>Familiares, amigos y vecinos de la interna de APAND que falleci\u00f3 la semana pasada a causa de un cuadro respiratorio grave y que present\u00f3 hematomas de los cuales todav\u00eda no se pudo determinar su origen, convocan a una nueva marcha para pedir justicia.<\/p>\n\n\n\n<p>La movilizaci\u00f3n se realizar\u00e1 desde Plaza Col\u00f3n hacia el palacio municipal, desde las 17:00 Hs., ma\u00f1ana viernes 2 de Agosto.<\/p>\n\n\n\n<p><strong><em>\u00abLa convocatoria tiene como objetivo el pedido de justicia por Elizabeth y todas las victimas de APAND\u00bb<\/em><\/strong>&nbsp;seg\u00fan lo informado por los orgnizadores.<\/p>\n","protected":false},"excerpt":{"rendered":"<p>Familiares, amigos y vecinos de la interna de APAND que falleci\u00f3 la semana pasada a causa de un cuadro respiratorio grave y que present\u00f3 hematomas de los cuales todav\u00eda no se pudo determinar su origen, convocan a una nueva marcha para pedir justicia. La movilizaci\u00f3n se realizar\u00e1 desde Plaza Col\u00f3n hacia el palacio municipal, desde [&hellip;]<\/p>\n","protected":false},"author":4,"featured_media":57250,"comment_status":"open","ping_status":"closed","sticky":false,"template":"","format":"standard","meta":{"om_disable_all_campaigns":false,"_jetpack_memberships_contains_paid_content":false,"footnotes":""},"categories":[621],"tags":[],"class_list":["post-57249","post","type-post","status-publish","format-standard","has-post-thumbnail","hentry","category-regionales"],"aioseo_notices":[],"gutentor_comment":0,"jetpack_featured_media_url":"https:\/\/eldiariodesanpedro.com.ar\/sitio\/wp-content\/uploads\/2019\/08\/IMG_4797-Copy-1.jpg","jetpack_shortlink":"https:\/\/wp.me\/p6RhLt-eTn","jetpack_sharing_enabled":true,"_links":{"self":[{"href":"https:\/\/eldiariodesanpedro.com.ar\/sitio\/wp-json\/wp\/v2\/posts\/57249","targetHints":{"allow":["GET"]}}],"collection":[{"href":"https:\/\/eldiariodesanpedro.com.ar\/sitio\/wp-json\/wp\/v2\/posts"}],"about":[{"href":"https:\/\/eldiariodesanpedro.com.ar\/sitio\/wp-json\/wp\/v2\/types\/post"}],"author":[{"embeddable":true,"href":"https:\/\/eldiariodesanpedro.com.ar\/sitio\/wp-json\/wp\/v2\/users\/4"}],"replies":[{"embeddable":true,"href":"https:\/\/eldiariodesanpedro.com.ar\/sitio\/wp-json\/wp\/v2\/comments?post=57249"}],"version-history":[{"count":1,"href":"https:\/\/eldiariodesanpedro.com.ar\/sitio\/wp-json\/wp\/v2\/posts\/57249\/revisions"}],"predecessor-version":[{"id":57251,"href":"https:\/\/eldiariodesanpedro.com.ar\/sitio\/wp-json\/wp\/v2\/posts\/57249\/revisions\/57251"}],"wp:featuredmedia":[{"embeddable":true,"href":"https:\/\/eldiariodesanpedro.com.ar\/sitio\/wp-json\/wp\/v2\/media\/57250"}],"wp:attachment":[{"href":"https:\/\/eldiariodesanpedro.com.ar\/sitio\/wp-json\/wp\/v2\/media?parent=57249"}],"wp:term":[{"taxonomy":"category","embeddable":true,"href":"https:\/\/eldiariodesanpedro.com.ar\/sitio\/wp-json\/wp\/v2\/categories?post=57249"},{"taxonomy":"post_tag","embeddable":true,"href":"https:\/\/eldiariodesanpedro.com.ar\/sitio\/wp-json\/wp\/v2\/tags?post=57249"}],"curies":[{"name":"wp","href":"https:\/\/api.w.org\/{rel}","templated":true}]}}