{"id":57245,"date":"2019-08-01T10:05:27","date_gmt":"2019-08-01T13:05:27","guid":{"rendered":"https:\/\/eldiariodesanpedro.com.ar\/sitio\/?p=57245"},"modified":"2019-08-01T10:05:31","modified_gmt":"2019-08-01T13:05:31","slug":"dia-de-la-pachamama-por-que-se-toma-cana-con-ruda-este-1-de-agosto","status":"publish","type":"post","link":"https:\/\/eldiariodesanpedro.com.ar\/sitio\/dia-de-la-pachamama-por-que-se-toma-cana-con-ruda-este-1-de-agosto\/","title":{"rendered":"D\u00eda de la Pachamama: \u00bfpor qu\u00e9 se toma ca\u00f1a con ruda este 1\u00b0 de agosto?"},"content":{"rendered":"<!-- VideographyWP Plugin Message: Automatic video embedding prevented by plugin options. -->\n\n<p>Varios pa\u00edses de Am\u00e9rica Latina se celebra el&nbsp;<strong>D\u00eda de la Pachamama<\/strong>, o de la \u00abmadre Tierra\u00bb. Es una fiesta de agradecimiento y que adquiere diferentes tipos de festejos dependiendo de la regi\u00f3n. Una de las tradiciones de la jornada es&nbsp;<strong>tomar ca\u00f1a con ruda.<\/strong><\/p>\n\n\n\n<p>Cuando empieza el mes de agosto, los abuelos y las abuelas suelen tomar&nbsp;<strong>ca\u00f1a con ruda<\/strong>&nbsp;macho,&nbsp;una tradici\u00f3n que viene de los indios guaran\u00edes.&nbsp;Ellos reconoc\u00edan las capacidades medicinales de la planta que era utilizada contra los par\u00e1sitos, malestares estomacales y la irritaci\u00f3n de picaduras de bichos y alima\u00f1as.<\/p>\n\n\n\n<p>Aunque m\u00e1s all\u00e1 de las bondades medicinales, algunos creen que es un talism\u00e1n y la utilizan como un conjuro contra las malas ondas, la envidia ajena y la mala suerte.<\/p>\n\n\n\n<p>El brebaje que se bebe en el inicio del octavo mes sirve para \u00abespantar los males del invierno\u00bb.&nbsp;Los pueblos originarios cre\u00edan que en agosto se produc\u00edan muchas muertes en la poblaci\u00f3n y en el ganado por el fr\u00edo y las lluvias. \u00abJulio los prepara y agosto se los lleva\u00bb, dec\u00eda un conocido refr\u00e1n.<\/p>\n\n\n\n<p>La tradici\u00f3n establece que hay que tomar tres tragos de ca\u00f1a con ruda.&nbsp;Algunos toman siete, otros uno largo, otros un vaso. Todos coinciden que debe ser en ayunas para atraer a la salud y la suerte y alejar los maleficios.<\/p>\n\n\n\n<p>Aquellos que no lo hagan hoy tienen otra oportunidad de acceder a la protecci\u00f3n, ya que quienes s\u00ed lo hicieron pueden convidarle hasta el 15.<\/p>\n\n\n\n<p>Fuente: Minutouno<\/p>\n","protected":false},"excerpt":{"rendered":"<p>Varios pa\u00edses de Am\u00e9rica Latina se celebra el&nbsp;D\u00eda de la Pachamama, o de la \u00abmadre Tierra\u00bb. Es una fiesta de agradecimiento y que adquiere diferentes tipos de festejos dependiendo de la regi\u00f3n. Una de las tradiciones de la jornada es&nbsp;tomar ca\u00f1a con ruda. Cuando empieza el mes de agosto, los abuelos y las abuelas suelen [&hellip;]<\/p>\n","protected":false},"author":4,"featured_media":57246,"comment_status":"open","ping_status":"closed","sticky":false,"template":"","format":"standard","meta":{"om_disable_all_campaigns":false,"_jetpack_memberships_contains_paid_content":false,"footnotes":""},"categories":[621],"tags":[],"class_list":["post-57245","post","type-post","status-publish","format-standard","has-post-thumbnail","hentry","category-regionales"],"aioseo_notices":[],"gutentor_comment":0,"jetpack_featured_media_url":"https:\/\/eldiariodesanpedro.com.ar\/sitio\/wp-content\/uploads\/2019\/08\/0036862186.jpg","jetpack_shortlink":"https:\/\/wp.me\/p6RhLt-eTj","jetpack_sharing_enabled":true,"_links":{"self":[{"href":"https:\/\/eldiariodesanpedro.com.ar\/sitio\/wp-json\/wp\/v2\/posts\/57245","targetHints":{"allow":["GET"]}}],"collection":[{"href":"https:\/\/eldiariodesanpedro.com.ar\/sitio\/wp-json\/wp\/v2\/posts"}],"about":[{"href":"https:\/\/eldiariodesanpedro.com.ar\/sitio\/wp-json\/wp\/v2\/types\/post"}],"author":[{"embeddable":true,"href":"https:\/\/eldiariodesanpedro.com.ar\/sitio\/wp-json\/wp\/v2\/users\/4"}],"replies":[{"embeddable":true,"href":"https:\/\/eldiariodesanpedro.com.ar\/sitio\/wp-json\/wp\/v2\/comments?post=57245"}],"version-history":[{"count":1,"href":"https:\/\/eldiariodesanpedro.com.ar\/sitio\/wp-json\/wp\/v2\/posts\/57245\/revisions"}],"predecessor-version":[{"id":57247,"href":"https:\/\/eldiariodesanpedro.com.ar\/sitio\/wp-json\/wp\/v2\/posts\/57245\/revisions\/57247"}],"wp:featuredmedia":[{"embeddable":true,"href":"https:\/\/eldiariodesanpedro.com.ar\/sitio\/wp-json\/wp\/v2\/media\/57246"}],"wp:attachment":[{"href":"https:\/\/eldiariodesanpedro.com.ar\/sitio\/wp-json\/wp\/v2\/media?parent=57245"}],"wp:term":[{"taxonomy":"category","embeddable":true,"href":"https:\/\/eldiariodesanpedro.com.ar\/sitio\/wp-json\/wp\/v2\/categories?post=57245"},{"taxonomy":"post_tag","embeddable":true,"href":"https:\/\/eldiariodesanpedro.com.ar\/sitio\/wp-json\/wp\/v2\/tags?post=57245"}],"curies":[{"name":"wp","href":"https:\/\/api.w.org\/{rel}","templated":true}]}}