{"id":57242,"date":"2019-08-01T09:49:21","date_gmt":"2019-08-01T12:49:21","guid":{"rendered":"https:\/\/eldiariodesanpedro.com.ar\/sitio\/?p=57242"},"modified":"2019-08-01T09:49:25","modified_gmt":"2019-08-01T12:49:25","slug":"desde-este-jueves-aumentaran-las-naftas-por-7a-vez-en-el-ano","status":"publish","type":"post","link":"https:\/\/eldiariodesanpedro.com.ar\/sitio\/desde-este-jueves-aumentaran-las-naftas-por-7a-vez-en-el-ano\/","title":{"rendered":"Desde este jueves aumentar\u00e1n las naftas por 7\u00aa vez en el a\u00f1o"},"content":{"rendered":"<!-- VideographyWP Plugin Message: Automatic video embedding prevented by plugin options. -->\n\n<p>Desde hoy vuelve a subir el precio de los combustibles. Si bien a\u00fan no se conoce el porcentaje, los estacioneros anticipan que rondar\u00e1 un 2%, que se sumar\u00e1 al 15,5% que acumularon las naftas en lo que va del a\u00f1o<\/p>\n\n\n\n<p>Los&nbsp;combustibles sufrir\u00e1n un nuevo incremento&nbsp;a partir de este jueves en concepto de la actualizaci\u00f3n de impuestos prevista para agosto, luego de que el gobierno nacional decida desdoblar ese \u00edtem el mes pasado. Si bien&nbsp;a\u00fan no se conoce el porcentaje, desde el sector de los estacioneros anticipan que&nbsp;rondar\u00e1 el 2%, que&nbsp;se sumar\u00e1 al 15,5%&nbsp;que acumularon las naftas en lo que va del a\u00f1o.<\/p>\n\n\n\n<p>Se trata del&nbsp;s\u00e9ptimo aumento de 2019, aunque para las petroleras deber\u00eda darse una mayor actualizaci\u00f3n, ya que consideran que&nbsp;existe a\u00fan un atraso del 10%&nbsp;entre el valor de los combustibles y las variaciones del d\u00f3lar y el petr\u00f3leo en los \u00faltimos meses.<\/p>\n\n\n\n<p>Pese a la inminencia de la suba, no se descartaba que la administraci\u00f3n de&nbsp;Cambiemos&nbsp;vuelva a postergar la cuesti\u00f3n impositiva ante la inminencia de las&nbsp;PASO. Es que, de acuerdo al&nbsp;Decreto N\u00ba7501&nbsp;publicado en mayo del a\u00f1o pasado, las actualizaciones de impuestos se iban a dar en enero, abril, julio y octubre de cada a\u00f1o, teniendo en cuenta la oscilaci\u00f3n del&nbsp;\u00cdndice de Precios al Consumidor (IPC) del INDEC.<\/p>\n\n\n\n<p>As\u00ed, el&nbsp;Impuesto a los Combustibles L\u00edquidos (ICL)&nbsp;y el&nbsp;Impuesto al Di\u00f3xido de Carbono (IDC)&nbsp;deber\u00edan haberse incrementado en junio, pero el gobierno tom\u00f3 la decisi\u00f3n de dividirlo en tramos para evitar que se dispare la inflaci\u00f3n mensual en la previa a los comicios.<\/p>\n","protected":false},"excerpt":{"rendered":"<p>Desde hoy vuelve a subir el precio de los combustibles. Si bien a\u00fan no se conoce el porcentaje, los estacioneros anticipan que rondar\u00e1 un 2%, que se sumar\u00e1 al 15,5% que acumularon las naftas en lo que va del a\u00f1o Los&nbsp;combustibles sufrir\u00e1n un nuevo incremento&nbsp;a partir de este jueves en concepto de la actualizaci\u00f3n de [&hellip;]<\/p>\n","protected":false},"author":4,"featured_media":57243,"comment_status":"open","ping_status":"closed","sticky":false,"template":"","format":"standard","meta":{"om_disable_all_campaigns":false,"_jetpack_memberships_contains_paid_content":false,"footnotes":""},"categories":[621],"tags":[],"class_list":["post-57242","post","type-post","status-publish","format-standard","has-post-thumbnail","hentry","category-regionales"],"aioseo_notices":[],"gutentor_comment":0,"jetpack_featured_media_url":"https:\/\/eldiariodesanpedro.com.ar\/sitio\/wp-content\/uploads\/2019\/08\/0005516226.jpg","jetpack_shortlink":"https:\/\/wp.me\/p6RhLt-eTg","jetpack_sharing_enabled":true,"_links":{"self":[{"href":"https:\/\/eldiariodesanpedro.com.ar\/sitio\/wp-json\/wp\/v2\/posts\/57242","targetHints":{"allow":["GET"]}}],"collection":[{"href":"https:\/\/eldiariodesanpedro.com.ar\/sitio\/wp-json\/wp\/v2\/posts"}],"about":[{"href":"https:\/\/eldiariodesanpedro.com.ar\/sitio\/wp-json\/wp\/v2\/types\/post"}],"author":[{"embeddable":true,"href":"https:\/\/eldiariodesanpedro.com.ar\/sitio\/wp-json\/wp\/v2\/users\/4"}],"replies":[{"embeddable":true,"href":"https:\/\/eldiariodesanpedro.com.ar\/sitio\/wp-json\/wp\/v2\/comments?post=57242"}],"version-history":[{"count":1,"href":"https:\/\/eldiariodesanpedro.com.ar\/sitio\/wp-json\/wp\/v2\/posts\/57242\/revisions"}],"predecessor-version":[{"id":57244,"href":"https:\/\/eldiariodesanpedro.com.ar\/sitio\/wp-json\/wp\/v2\/posts\/57242\/revisions\/57244"}],"wp:featuredmedia":[{"embeddable":true,"href":"https:\/\/eldiariodesanpedro.com.ar\/sitio\/wp-json\/wp\/v2\/media\/57243"}],"wp:attachment":[{"href":"https:\/\/eldiariodesanpedro.com.ar\/sitio\/wp-json\/wp\/v2\/media?parent=57242"}],"wp:term":[{"taxonomy":"category","embeddable":true,"href":"https:\/\/eldiariodesanpedro.com.ar\/sitio\/wp-json\/wp\/v2\/categories?post=57242"},{"taxonomy":"post_tag","embeddable":true,"href":"https:\/\/eldiariodesanpedro.com.ar\/sitio\/wp-json\/wp\/v2\/tags?post=57242"}],"curies":[{"name":"wp","href":"https:\/\/api.w.org\/{rel}","templated":true}]}}