{"id":57239,"date":"2019-08-01T09:47:13","date_gmt":"2019-08-01T12:47:13","guid":{"rendered":"https:\/\/eldiariodesanpedro.com.ar\/sitio\/?p=57239"},"modified":"2019-08-01T09:47:17","modified_gmt":"2019-08-01T12:47:17","slug":"baradero-accidente-en-el-acceso-mujer-quedo-atrapada-en-uno-de-los-vehiculos","status":"publish","type":"post","link":"https:\/\/eldiariodesanpedro.com.ar\/sitio\/baradero-accidente-en-el-acceso-mujer-quedo-atrapada-en-uno-de-los-vehiculos\/","title":{"rendered":"BARADERO | Accidente en el acceso: Mujer qued\u00f3 atrapada en uno de los veh\u00edculos"},"content":{"rendered":"<!-- VideographyWP Plugin Message: Automatic video embedding prevented by plugin options. -->\n\n<p>Fue pasadas las 19:00 Hs entre un Fiat Palio Familiar que era conducido por el ex director de Turismo de la Municipalidad, Germ\u00e1n Vettovalli y un Volkswagen Gol conducido por una mujer mayor de edad quien qued\u00f3 atrapada en el veh\u00edculo.<\/p>\n\n\n\n<p>Asistieron Bomberos Voluntarios, Inspecci\u00f3n de tr\u00e1nsito y Polic\u00eda Comunal. Por el momento, el acceso se encuentra parcialmente cortado. La mujer fue trasladada, v\u00eda SAME al Hospital Municipal.<\/p>\n\n\n\n<p>Fuente: Baradero Te Informa <\/p>\n","protected":false},"excerpt":{"rendered":"<p>Fue pasadas las 19:00 Hs entre un Fiat Palio Familiar que era conducido por el ex director de Turismo de la Municipalidad, Germ\u00e1n Vettovalli y un Volkswagen Gol conducido por una mujer mayor de edad quien qued\u00f3 atrapada en el veh\u00edculo. Asistieron Bomberos Voluntarios, Inspecci\u00f3n de tr\u00e1nsito y Polic\u00eda Comunal. Por el momento, el acceso [&hellip;]<\/p>\n","protected":false},"author":4,"featured_media":57240,"comment_status":"open","ping_status":"closed","sticky":false,"template":"","format":"standard","meta":{"om_disable_all_campaigns":false,"_jetpack_memberships_contains_paid_content":false,"footnotes":""},"categories":[621],"tags":[],"class_list":["post-57239","post","type-post","status-publish","format-standard","has-post-thumbnail","hentry","category-regionales"],"aioseo_notices":[],"gutentor_comment":0,"jetpack_featured_media_url":"https:\/\/eldiariodesanpedro.com.ar\/sitio\/wp-content\/uploads\/2019\/08\/67420535_593519308125644_2475515211205836800_n.jpg","jetpack_shortlink":"https:\/\/wp.me\/p6RhLt-eTd","jetpack_sharing_enabled":true,"_links":{"self":[{"href":"https:\/\/eldiariodesanpedro.com.ar\/sitio\/wp-json\/wp\/v2\/posts\/57239","targetHints":{"allow":["GET"]}}],"collection":[{"href":"https:\/\/eldiariodesanpedro.com.ar\/sitio\/wp-json\/wp\/v2\/posts"}],"about":[{"href":"https:\/\/eldiariodesanpedro.com.ar\/sitio\/wp-json\/wp\/v2\/types\/post"}],"author":[{"embeddable":true,"href":"https:\/\/eldiariodesanpedro.com.ar\/sitio\/wp-json\/wp\/v2\/users\/4"}],"replies":[{"embeddable":true,"href":"https:\/\/eldiariodesanpedro.com.ar\/sitio\/wp-json\/wp\/v2\/comments?post=57239"}],"version-history":[{"count":1,"href":"https:\/\/eldiariodesanpedro.com.ar\/sitio\/wp-json\/wp\/v2\/posts\/57239\/revisions"}],"predecessor-version":[{"id":57241,"href":"https:\/\/eldiariodesanpedro.com.ar\/sitio\/wp-json\/wp\/v2\/posts\/57239\/revisions\/57241"}],"wp:featuredmedia":[{"embeddable":true,"href":"https:\/\/eldiariodesanpedro.com.ar\/sitio\/wp-json\/wp\/v2\/media\/57240"}],"wp:attachment":[{"href":"https:\/\/eldiariodesanpedro.com.ar\/sitio\/wp-json\/wp\/v2\/media?parent=57239"}],"wp:term":[{"taxonomy":"category","embeddable":true,"href":"https:\/\/eldiariodesanpedro.com.ar\/sitio\/wp-json\/wp\/v2\/categories?post=57239"},{"taxonomy":"post_tag","embeddable":true,"href":"https:\/\/eldiariodesanpedro.com.ar\/sitio\/wp-json\/wp\/v2\/tags?post=57239"}],"curies":[{"name":"wp","href":"https:\/\/api.w.org\/{rel}","templated":true}]}}