{"id":57229,"date":"2019-08-01T09:14:35","date_gmt":"2019-08-01T12:14:35","guid":{"rendered":"https:\/\/eldiariodesanpedro.com.ar\/sitio\/?p=57229"},"modified":"2019-08-01T11:26:27","modified_gmt":"2019-08-01T14:26:27","slug":"gobernador-castro-un-hombre-murio-lo-golpearon-y-lo-apunalaron","status":"publish","type":"post","link":"https:\/\/eldiariodesanpedro.com.ar\/sitio\/gobernador-castro-un-hombre-murio-lo-golpearon-y-lo-apunalaron\/","title":{"rendered":"Gobernador Castro: Un hombre fue asesinado a golpes"},"content":{"rendered":"<!-- VideographyWP Plugin Message: Automatic video embedding prevented by plugin options. -->\n\n<p>El violento hecho sucedi\u00f3 por la tarde noche de este miercoles, un grupo de personas ingresaron a la casa del fallecido para golpearlo a golpes de pu\u00f1o, patadas, con elementos contundentes y hasta con un arma blanca, provoc\u00e1ndole lesiones cortantes. El hombre muri\u00f3 en el nosocomio local por un traumatismo de cr\u00e1neo severo.<\/p>\n\n\n\n<p>Se habla de un ajuste de cuentas, vecinos de la localidad afirman que habr\u00eda abusado sexualmente  de una nena de 4 a\u00f1os.<\/p>\n\n\n\n<p>Se trabaja en la investigaci\u00f3n de que familiares de la menor ser\u00edan quienes ingresaron al domicilio del presunto violador,  lo mataron a golpes y de una apu\u00f1alada .<\/p>\n\n\n\n<p>Hay una femenina detenida.<\/p>\n\n\n\n<p>La Doctora Viviana Ramos de la UFI 11 brindo detalles del caso<\/p>\n\n\n\n<p>\u00abPrimeramente encuentran a esta persona en una pensi\u00f3n, lo atacan y lo golpean entre todos, hay dos que se fugaron luego, 4 personas m\u00e1s que participaron y una mujer que se declar\u00f3 totalmente culpable\u00bb<\/p>\n\n\n\n<p>\u00abLa detenida desligo del hecho a los masculinos que estaban identificando,se hizo sola responsable ella, fueron entre 4 a 8 personas los atacantes que generaron las lesiones fatales\u00bb<\/p>\n\n\n\n<p>\u00abCastro es una comunidad peque\u00f1a, esta persona conviv\u00eda con la familia que lo atac\u00f3\u00bb<\/p>\n\n\n\n<p> \u00abHay una denuncia y  datos de una situaci\u00f3n de una presunta abuso sexual a una ni\u00f1a, fue denunciado en la comisar\u00eda de la mujer, que ser\u00eda hija del atacante. Ya se hab\u00eda iniciado el protocolo a la investigaci\u00f3n , la menor ten\u00eda una referencia como v\u00edctima, lo llamaba por un sobrenombre, est\u00e1bamos investigando\u00bb<\/p>\n\n\n\n<p>\u00abLuego de esta denuncia el fallecido se va a vivir a una pensi\u00f3n donde luego lo encuentran, el logra escapar de ah\u00ed y termina en una zanja a pocos metros del lugar, donde lo encuentran los efectivos \u00ab<\/p>\n\n\n\n<p>\u00abHay tres testigos del hecho el due\u00f1o de la pensi\u00f3n, y dos vecinos, pero la mam\u00e1 de la menor se declar\u00f3 culpable sola, no quiso que los dem\u00e1s sean participes, estamos en proceso de investigaci\u00f3n\u00bb<\/p>\n\n\n\n<p>Tambi\u00e9n el Doctor Jos\u00e9 Herbas, Jefe de la Guardia del nosocomio local brindo detalles del ingreso del paciente , \u00abingreso a la guardia del hospital, lo trasladaron por la ambulancia de la localidad, Traumatismo de cr\u00e1neo severo, ingreso en coma luego de hacer un examen neurol\u00f3gico nos dimos cuenta que estaba muy complicado, ten\u00eda todo quebrado, tuvo una importante golpiza, pensamos en una derivaci\u00f3n pero era un paciente que ten\u00eda un compromiso cerebral reversible.\u00bb<\/p>\n\n\n\n<p>\u00abNo hay duda que fue con un objeto contundente, estaba muy quebrado el cr\u00e1neo, tambi\u00e9n present\u00f3 lesiones en el t\u00f3rax y heridas cortantes en todo el cuerpo,  pero lo que determin\u00f3 su deseso fue el golpe o varios golpes en la cabeza\u00bb.<\/p>\n\n\n\n<p>En la causa interviene la Fiscal Ramos de la UFI N11 quien trabaja en la investigaci\u00f3n.<\/p>\n\n\n\n<p><\/p>\n","protected":false},"excerpt":{"rendered":"<p>El violento hecho sucedi\u00f3 por la tarde noche de este miercoles, un grupo de personas ingresaron a la casa del fallecido para golpearlo a golpes de pu\u00f1o, patadas, con elementos contundentes y hasta con un arma blanca, provoc\u00e1ndole lesiones cortantes. El hombre muri\u00f3 en el nosocomio local por un traumatismo de cr\u00e1neo severo. Se habla [&hellip;]<\/p>\n","protected":false},"author":4,"featured_media":56528,"comment_status":"open","ping_status":"closed","sticky":false,"template":"","format":"standard","meta":{"om_disable_all_campaigns":false,"_jetpack_memberships_contains_paid_content":false,"footnotes":""},"categories":[50,2,103],"tags":[],"class_list":["post-57229","post","type-post","status-publish","format-standard","has-post-thumbnail","hentry","category-destacadas","category-locales","category-policiales-locales"],"aioseo_notices":[],"gutentor_comment":0,"jetpack_featured_media_url":"https:\/\/eldiariodesanpedro.com.ar\/sitio\/wp-content\/uploads\/2019\/07\/patrulla66-1024x680.jpg","jetpack_shortlink":"https:\/\/wp.me\/p6RhLt-eT3","jetpack_sharing_enabled":true,"_links":{"self":[{"href":"https:\/\/eldiariodesanpedro.com.ar\/sitio\/wp-json\/wp\/v2\/posts\/57229","targetHints":{"allow":["GET"]}}],"collection":[{"href":"https:\/\/eldiariodesanpedro.com.ar\/sitio\/wp-json\/wp\/v2\/posts"}],"about":[{"href":"https:\/\/eldiariodesanpedro.com.ar\/sitio\/wp-json\/wp\/v2\/types\/post"}],"author":[{"embeddable":true,"href":"https:\/\/eldiariodesanpedro.com.ar\/sitio\/wp-json\/wp\/v2\/users\/4"}],"replies":[{"embeddable":true,"href":"https:\/\/eldiariodesanpedro.com.ar\/sitio\/wp-json\/wp\/v2\/comments?post=57229"}],"version-history":[{"count":3,"href":"https:\/\/eldiariodesanpedro.com.ar\/sitio\/wp-json\/wp\/v2\/posts\/57229\/revisions"}],"predecessor-version":[{"id":57259,"href":"https:\/\/eldiariodesanpedro.com.ar\/sitio\/wp-json\/wp\/v2\/posts\/57229\/revisions\/57259"}],"wp:featuredmedia":[{"embeddable":true,"href":"https:\/\/eldiariodesanpedro.com.ar\/sitio\/wp-json\/wp\/v2\/media\/56528"}],"wp:attachment":[{"href":"https:\/\/eldiariodesanpedro.com.ar\/sitio\/wp-json\/wp\/v2\/media?parent=57229"}],"wp:term":[{"taxonomy":"category","embeddable":true,"href":"https:\/\/eldiariodesanpedro.com.ar\/sitio\/wp-json\/wp\/v2\/categories?post=57229"},{"taxonomy":"post_tag","embeddable":true,"href":"https:\/\/eldiariodesanpedro.com.ar\/sitio\/wp-json\/wp\/v2\/tags?post=57229"}],"curies":[{"name":"wp","href":"https:\/\/api.w.org\/{rel}","templated":true}]}}