{"id":57227,"date":"2019-07-31T18:39:15","date_gmt":"2019-07-31T21:39:15","guid":{"rendered":"https:\/\/eldiariodesanpedro.com.ar\/sitio\/?p=57227"},"modified":"2019-07-31T18:39:19","modified_gmt":"2019-07-31T21:39:19","slug":"coopser-informa-corte-programado-para-este-jueves","status":"publish","type":"post","link":"https:\/\/eldiariodesanpedro.com.ar\/sitio\/coopser-informa-corte-programado-para-este-jueves\/","title":{"rendered":"COOPSER INFORMA: Corte programado para este jueves"},"content":{"rendered":"<!-- VideographyWP Plugin Message: Automatic video embedding prevented by plugin options. -->\n\n<p>El proximo dia jueves 01  de agosto se realizar\u00e1 un corte programado por tareas de mantenimientos desde 8:00 hs hasta 12:00 hs Aprox. en la siguiente zona:<\/p>\n\n\n\n<p>Ruta 191 desde el Km 13 hasta km 22 aprox. en ambas manos.( Villa Sarita)<br>Callej\u00f3n Pedriel en su totalidad.<br>Callej\u00f3n Belloni en su totalidad.<br>Callej\u00f3n Costa en su totalidad.<br>Callej\u00f3n Heil y Otros en su totalidad.<br>Callej\u00f3n Molinari.<br>Paraje La Colorada.<\/p>\n","protected":false},"excerpt":{"rendered":"<p>El proximo dia jueves 01 de agosto se realizar\u00e1 un corte programado por tareas de mantenimientos desde 8:00 hs hasta 12:00 hs Aprox. en la siguiente zona: Ruta 191 desde el Km 13 hasta km 22 aprox. en ambas manos.( Villa Sarita)Callej\u00f3n Pedriel en su totalidad.Callej\u00f3n Belloni en su totalidad.Callej\u00f3n Costa en su totalidad.Callej\u00f3n Heil [&hellip;]<\/p>\n","protected":false},"author":4,"featured_media":57097,"comment_status":"open","ping_status":"closed","sticky":false,"template":"","format":"standard","meta":{"om_disable_all_campaigns":false,"_jetpack_memberships_contains_paid_content":false,"footnotes":""},"categories":[101,2],"tags":[],"class_list":["post-57227","post","type-post","status-publish","format-standard","has-post-thumbnail","hentry","category-interes-general-locales","category-locales"],"aioseo_notices":[],"gutentor_comment":0,"jetpack_featured_media_url":"https:\/\/eldiariodesanpedro.com.ar\/sitio\/wp-content\/uploads\/2019\/07\/LaCooperativa_ServicioElectrico.jpg","jetpack_shortlink":"https:\/\/wp.me\/p6RhLt-eT1","jetpack_sharing_enabled":true,"_links":{"self":[{"href":"https:\/\/eldiariodesanpedro.com.ar\/sitio\/wp-json\/wp\/v2\/posts\/57227","targetHints":{"allow":["GET"]}}],"collection":[{"href":"https:\/\/eldiariodesanpedro.com.ar\/sitio\/wp-json\/wp\/v2\/posts"}],"about":[{"href":"https:\/\/eldiariodesanpedro.com.ar\/sitio\/wp-json\/wp\/v2\/types\/post"}],"author":[{"embeddable":true,"href":"https:\/\/eldiariodesanpedro.com.ar\/sitio\/wp-json\/wp\/v2\/users\/4"}],"replies":[{"embeddable":true,"href":"https:\/\/eldiariodesanpedro.com.ar\/sitio\/wp-json\/wp\/v2\/comments?post=57227"}],"version-history":[{"count":1,"href":"https:\/\/eldiariodesanpedro.com.ar\/sitio\/wp-json\/wp\/v2\/posts\/57227\/revisions"}],"predecessor-version":[{"id":57228,"href":"https:\/\/eldiariodesanpedro.com.ar\/sitio\/wp-json\/wp\/v2\/posts\/57227\/revisions\/57228"}],"wp:featuredmedia":[{"embeddable":true,"href":"https:\/\/eldiariodesanpedro.com.ar\/sitio\/wp-json\/wp\/v2\/media\/57097"}],"wp:attachment":[{"href":"https:\/\/eldiariodesanpedro.com.ar\/sitio\/wp-json\/wp\/v2\/media?parent=57227"}],"wp:term":[{"taxonomy":"category","embeddable":true,"href":"https:\/\/eldiariodesanpedro.com.ar\/sitio\/wp-json\/wp\/v2\/categories?post=57227"},{"taxonomy":"post_tag","embeddable":true,"href":"https:\/\/eldiariodesanpedro.com.ar\/sitio\/wp-json\/wp\/v2\/tags?post=57227"}],"curies":[{"name":"wp","href":"https:\/\/api.w.org\/{rel}","templated":true}]}}