{"id":57223,"date":"2019-07-31T18:14:30","date_gmt":"2019-07-31T21:14:30","guid":{"rendered":"https:\/\/eldiariodesanpedro.com.ar\/sitio\/?p=57223"},"modified":"2019-07-31T18:14:34","modified_gmt":"2019-07-31T21:14:34","slug":"zarate-la-empresa-toyota-niega-rotundamente-que-haya-suspendido-a-sus-mas-de-5-mil-operarios","status":"publish","type":"post","link":"https:\/\/eldiariodesanpedro.com.ar\/sitio\/zarate-la-empresa-toyota-niega-rotundamente-que-haya-suspendido-a-sus-mas-de-5-mil-operarios\/","title":{"rendered":"Z\u00c1RATE: La empresa Toyota niega rotundamente que haya suspendido a sus m\u00e1s de 5 mil operarios"},"content":{"rendered":"<!-- VideographyWP Plugin Message: Automatic video embedding prevented by plugin options. -->\n\n<p>Si bien la recesi\u00f3n que es innegable, est\u00e1 golpeando el sector automotriz, tal como le dijo a EL DEBATE la semana p\u00e0sada Daniel Herrero, el presidente de Toyota Argentina, \u00abQue Z\u00e1rate se quede tranquilo que no tenemos ni pensado suspender ni despedir personal\u00bb medios digitales lanzaron esta ma\u00f1ana la informaci\u00f3n que es temeraria al informar que la firma \u00absuspendi\u00f3 a 5.000 trabajadores y encara su propia reforma laboral\u00bb.<\/p>\n\n\n\n<p>Desde hace 20 a\u00f1os -agrega el alto funcionario de Toyota- estamos como todos los a\u00f1os en \u00abvacaciones de invierno\u00bb y por eso la planta no produce con regularidad, esto ya es costumbre de sempre de la empresa que adem\u00e1s -enfatiza Prado- \u00abToyota tiene en su convenio colectivo de trabajo desde el a\u00f1o 1996 con una jornada anual de trabajo con un esquema de horas cr\u00e9dito\/d\u00e9bito que viene siendo utilizado sin inconvenientes. El mismo es utilizado por razones de calidad o fluctuaciones en la producci\u00f3n\u00bb<\/p>\n\n\n\n<p>Fuente: <a href=\"http:\/\/www.eldebate.com.ar\">El Debate<\/a><\/p>\n","protected":false},"excerpt":{"rendered":"<p>Si bien la recesi\u00f3n que es innegable, est\u00e1 golpeando el sector automotriz, tal como le dijo a EL DEBATE la semana p\u00e0sada Daniel Herrero, el presidente de Toyota Argentina, \u00abQue Z\u00e1rate se quede tranquilo que no tenemos ni pensado suspender ni despedir personal\u00bb medios digitales lanzaron esta ma\u00f1ana la informaci\u00f3n que es temeraria al informar [&hellip;]<\/p>\n","protected":false},"author":4,"featured_media":57224,"comment_status":"open","ping_status":"closed","sticky":false,"template":"","format":"standard","meta":{"om_disable_all_campaigns":false,"_jetpack_memberships_contains_paid_content":false,"footnotes":""},"categories":[621],"tags":[],"class_list":["post-57223","post","type-post","status-publish","format-standard","has-post-thumbnail","hentry","category-regionales"],"aioseo_notices":[],"gutentor_comment":0,"jetpack_featured_media_url":"https:\/\/eldiariodesanpedro.com.ar\/sitio\/wp-content\/uploads\/2019\/07\/toyota1-1.jpg","jetpack_shortlink":"https:\/\/wp.me\/p6RhLt-eSX","jetpack_sharing_enabled":true,"_links":{"self":[{"href":"https:\/\/eldiariodesanpedro.com.ar\/sitio\/wp-json\/wp\/v2\/posts\/57223","targetHints":{"allow":["GET"]}}],"collection":[{"href":"https:\/\/eldiariodesanpedro.com.ar\/sitio\/wp-json\/wp\/v2\/posts"}],"about":[{"href":"https:\/\/eldiariodesanpedro.com.ar\/sitio\/wp-json\/wp\/v2\/types\/post"}],"author":[{"embeddable":true,"href":"https:\/\/eldiariodesanpedro.com.ar\/sitio\/wp-json\/wp\/v2\/users\/4"}],"replies":[{"embeddable":true,"href":"https:\/\/eldiariodesanpedro.com.ar\/sitio\/wp-json\/wp\/v2\/comments?post=57223"}],"version-history":[{"count":1,"href":"https:\/\/eldiariodesanpedro.com.ar\/sitio\/wp-json\/wp\/v2\/posts\/57223\/revisions"}],"predecessor-version":[{"id":57225,"href":"https:\/\/eldiariodesanpedro.com.ar\/sitio\/wp-json\/wp\/v2\/posts\/57223\/revisions\/57225"}],"wp:featuredmedia":[{"embeddable":true,"href":"https:\/\/eldiariodesanpedro.com.ar\/sitio\/wp-json\/wp\/v2\/media\/57224"}],"wp:attachment":[{"href":"https:\/\/eldiariodesanpedro.com.ar\/sitio\/wp-json\/wp\/v2\/media?parent=57223"}],"wp:term":[{"taxonomy":"category","embeddable":true,"href":"https:\/\/eldiariodesanpedro.com.ar\/sitio\/wp-json\/wp\/v2\/categories?post=57223"},{"taxonomy":"post_tag","embeddable":true,"href":"https:\/\/eldiariodesanpedro.com.ar\/sitio\/wp-json\/wp\/v2\/tags?post=57223"}],"curies":[{"name":"wp","href":"https:\/\/api.w.org\/{rel}","templated":true}]}}