{"id":57222,"date":"2019-07-31T18:26:05","date_gmt":"2019-07-31T21:26:05","guid":{"rendered":"https:\/\/eldiariodesanpedro.com.ar\/sitio\/?p=57222"},"modified":"2019-07-31T18:26:10","modified_gmt":"2019-07-31T21:26:10","slug":"se-radicaron-varias-denuncia-por-amenazas","status":"publish","type":"post","link":"https:\/\/eldiariodesanpedro.com.ar\/sitio\/se-radicaron-varias-denuncia-por-amenazas\/","title":{"rendered":"Se radicaron varias denuncia por amenazas"},"content":{"rendered":"<!-- VideographyWP Plugin Message: Automatic video embedding prevented by plugin options. -->\n\n<p>Este mi\u00e9rcoles un ciudadano de&nbsp; 29 a\u00f1os se presenta en la comisar\u00eda local para realizar una denuncia. Donde declara que el pasado d\u00eda martes se hace presente en el domicilio de su ex pareja con la cual tiene una hija en com\u00fan, su ex cu\u00f1ado le refiere amenazas, por lo que teme por su integridad f\u00edsica. Denunciante refiere inconvenientes de vieja data.<\/p>\n\n\n\n<p>El mismo d\u00eda otro ciudadano de 40 a\u00f1os denuncia que cuando caminaba con sus perros galgos zona rural calle Lavalle a su finalizaci\u00f3n, recibe amenazas de muerte de masculino vecino de la zona, a quien le molesta sus perros. <br><\/p>\n\n\n\n<p>Por \u00faltimo un joven de 17 a\u00f1os, momento se hallaba en vivienda calle Las Provincias al 2000, se hace presente masculino en v\u00eda p\u00fablica, quien comenz\u00f3 a referir amenazas de muerte y de incendiar su morada. <\/p>\n","protected":false},"excerpt":{"rendered":"<p>Este mi\u00e9rcoles un ciudadano de&nbsp; 29 a\u00f1os se presenta en la comisar\u00eda local para realizar una denuncia. Donde declara que el pasado d\u00eda martes se hace presente en el domicilio de su ex pareja con la cual tiene una hija en com\u00fan, su ex cu\u00f1ado le refiere amenazas, por lo que teme por su integridad [&hellip;]<\/p>\n","protected":false},"author":4,"featured_media":57220,"comment_status":"open","ping_status":"closed","sticky":false,"template":"","format":"standard","meta":{"om_disable_all_campaigns":false,"_jetpack_memberships_contains_paid_content":false,"footnotes":""},"categories":[2,103],"tags":[],"class_list":["post-57222","post","type-post","status-publish","format-standard","has-post-thumbnail","hentry","category-locales","category-policiales-locales"],"aioseo_notices":[],"gutentor_comment":0,"jetpack_featured_media_url":"https:\/\/eldiariodesanpedro.com.ar\/sitio\/wp-content\/uploads\/2019\/07\/comisaria-San-Pedro.jpg","jetpack_shortlink":"https:\/\/wp.me\/p6RhLt-eSW","jetpack_sharing_enabled":true,"_links":{"self":[{"href":"https:\/\/eldiariodesanpedro.com.ar\/sitio\/wp-json\/wp\/v2\/posts\/57222","targetHints":{"allow":["GET"]}}],"collection":[{"href":"https:\/\/eldiariodesanpedro.com.ar\/sitio\/wp-json\/wp\/v2\/posts"}],"about":[{"href":"https:\/\/eldiariodesanpedro.com.ar\/sitio\/wp-json\/wp\/v2\/types\/post"}],"author":[{"embeddable":true,"href":"https:\/\/eldiariodesanpedro.com.ar\/sitio\/wp-json\/wp\/v2\/users\/4"}],"replies":[{"embeddable":true,"href":"https:\/\/eldiariodesanpedro.com.ar\/sitio\/wp-json\/wp\/v2\/comments?post=57222"}],"version-history":[{"count":1,"href":"https:\/\/eldiariodesanpedro.com.ar\/sitio\/wp-json\/wp\/v2\/posts\/57222\/revisions"}],"predecessor-version":[{"id":57226,"href":"https:\/\/eldiariodesanpedro.com.ar\/sitio\/wp-json\/wp\/v2\/posts\/57222\/revisions\/57226"}],"wp:featuredmedia":[{"embeddable":true,"href":"https:\/\/eldiariodesanpedro.com.ar\/sitio\/wp-json\/wp\/v2\/media\/57220"}],"wp:attachment":[{"href":"https:\/\/eldiariodesanpedro.com.ar\/sitio\/wp-json\/wp\/v2\/media?parent=57222"}],"wp:term":[{"taxonomy":"category","embeddable":true,"href":"https:\/\/eldiariodesanpedro.com.ar\/sitio\/wp-json\/wp\/v2\/categories?post=57222"},{"taxonomy":"post_tag","embeddable":true,"href":"https:\/\/eldiariodesanpedro.com.ar\/sitio\/wp-json\/wp\/v2\/tags?post=57222"}],"curies":[{"name":"wp","href":"https:\/\/api.w.org\/{rel}","templated":true}]}}