{"id":57217,"date":"2019-07-31T12:56:43","date_gmt":"2019-07-31T15:56:43","guid":{"rendered":"https:\/\/eldiariodesanpedro.com.ar\/sitio\/?p=57217"},"modified":"2019-07-31T12:56:47","modified_gmt":"2019-07-31T15:56:47","slug":"una-mujer-agredida-por-su-pareja-en-un-nuevo-caso-de-violencia-de-genero","status":"publish","type":"post","link":"https:\/\/eldiariodesanpedro.com.ar\/sitio\/una-mujer-agredida-por-su-pareja-en-un-nuevo-caso-de-violencia-de-genero\/","title":{"rendered":"Una mujer agredida por su pareja en un nuevo caso de violencia de g\u00e9nero"},"content":{"rendered":"<!-- VideographyWP Plugin Message: Automatic video embedding prevented by plugin options. -->\n\n<p>El personal policial de la ciudad en calle camino al Basural procede a la aprehension de masculino 17 a\u00f1os, quien momentos antes hab\u00eda agredido y amenazado a su pareja femenina de 18 a\u00f1os.<\/p>\n\n\n\n<p>La v\u00edctima a pesar de sufrir de lesiones de car\u00e1cter leves decide no iniciar acciones penales, de cualquier manera se realiza protocolo en conjunto con la Comisar\u00eda de la Mujer y la Familia, emitiendo la comunicaci\u00f3n con el instructor en turno por la UFI juvenil quien dispone notificaci\u00f3n recaudos legales, posterior libertad siendo entregado a sus progenitores.<br><\/p>\n","protected":false},"excerpt":{"rendered":"<p>El personal policial de la ciudad en calle camino al Basural procede a la aprehension de masculino 17 a\u00f1os, quien momentos antes hab\u00eda agredido y amenazado a su pareja femenina de 18 a\u00f1os. La v\u00edctima a pesar de sufrir de lesiones de car\u00e1cter leves decide no iniciar acciones penales, de cualquier manera se realiza protocolo [&hellip;]<\/p>\n","protected":false},"author":4,"featured_media":56947,"comment_status":"open","ping_status":"closed","sticky":false,"template":"","format":"standard","meta":{"om_disable_all_campaigns":false,"_jetpack_memberships_contains_paid_content":false,"footnotes":""},"categories":[2,103],"tags":[],"class_list":["post-57217","post","type-post","status-publish","format-standard","has-post-thumbnail","hentry","category-locales","category-policiales-locales"],"aioseo_notices":[],"gutentor_comment":0,"jetpack_featured_media_url":"https:\/\/eldiariodesanpedro.com.ar\/sitio\/wp-content\/uploads\/2019\/07\/menor-aprehendido.jpg","jetpack_shortlink":"https:\/\/wp.me\/p6RhLt-eSR","jetpack_sharing_enabled":true,"_links":{"self":[{"href":"https:\/\/eldiariodesanpedro.com.ar\/sitio\/wp-json\/wp\/v2\/posts\/57217","targetHints":{"allow":["GET"]}}],"collection":[{"href":"https:\/\/eldiariodesanpedro.com.ar\/sitio\/wp-json\/wp\/v2\/posts"}],"about":[{"href":"https:\/\/eldiariodesanpedro.com.ar\/sitio\/wp-json\/wp\/v2\/types\/post"}],"author":[{"embeddable":true,"href":"https:\/\/eldiariodesanpedro.com.ar\/sitio\/wp-json\/wp\/v2\/users\/4"}],"replies":[{"embeddable":true,"href":"https:\/\/eldiariodesanpedro.com.ar\/sitio\/wp-json\/wp\/v2\/comments?post=57217"}],"version-history":[{"count":1,"href":"https:\/\/eldiariodesanpedro.com.ar\/sitio\/wp-json\/wp\/v2\/posts\/57217\/revisions"}],"predecessor-version":[{"id":57218,"href":"https:\/\/eldiariodesanpedro.com.ar\/sitio\/wp-json\/wp\/v2\/posts\/57217\/revisions\/57218"}],"wp:featuredmedia":[{"embeddable":true,"href":"https:\/\/eldiariodesanpedro.com.ar\/sitio\/wp-json\/wp\/v2\/media\/56947"}],"wp:attachment":[{"href":"https:\/\/eldiariodesanpedro.com.ar\/sitio\/wp-json\/wp\/v2\/media?parent=57217"}],"wp:term":[{"taxonomy":"category","embeddable":true,"href":"https:\/\/eldiariodesanpedro.com.ar\/sitio\/wp-json\/wp\/v2\/categories?post=57217"},{"taxonomy":"post_tag","embeddable":true,"href":"https:\/\/eldiariodesanpedro.com.ar\/sitio\/wp-json\/wp\/v2\/tags?post=57217"}],"curies":[{"name":"wp","href":"https:\/\/api.w.org\/{rel}","templated":true}]}}