{"id":57214,"date":"2019-07-31T12:44:07","date_gmt":"2019-07-31T15:44:07","guid":{"rendered":"https:\/\/eldiariodesanpedro.com.ar\/sitio\/?p=57214"},"modified":"2019-07-31T12:44:08","modified_gmt":"2019-07-31T15:44:08","slug":"roban-tejidos-de-un-predio","status":"publish","type":"post","link":"https:\/\/eldiariodesanpedro.com.ar\/sitio\/roban-tejidos-de-un-predio\/","title":{"rendered":"Roban tejidos de un predio"},"content":{"rendered":"<!-- VideographyWP Plugin Message: Automatic video embedding prevented by plugin options. -->\n\n<p>Este mi\u00e9rcoles por la noche se recibi\u00f3 la denuncia de una mujer de 54 a\u00f1os en la comisar\u00eda local, que es anoticiado el d\u00eda de ayer que el s\u00e1bado en horas de la ma\u00f1ana sujetos ignorados sustraen 30 metros de tejido alambrado romboidal en predio Av. Espa\u00f1a y Ex Bajada Depietri previo a romper postes de cemento que lo sosten\u00edan.<\/p>\n","protected":false},"excerpt":{"rendered":"<p>Este mi\u00e9rcoles por la noche se recibi\u00f3 la denuncia de una mujer de 54 a\u00f1os en la comisar\u00eda local, que es anoticiado el d\u00eda de ayer que el s\u00e1bado en horas de la ma\u00f1ana sujetos ignorados sustraen 30 metros de tejido alambrado romboidal en predio Av. Espa\u00f1a y Ex Bajada Depietri previo a romper postes [&hellip;]<\/p>\n","protected":false},"author":4,"featured_media":57215,"comment_status":"open","ping_status":"closed","sticky":false,"template":"","format":"standard","meta":{"om_disable_all_campaigns":false,"_jetpack_memberships_contains_paid_content":false,"footnotes":""},"categories":[2,103],"tags":[],"class_list":["post-57214","post","type-post","status-publish","format-standard","has-post-thumbnail","hentry","category-locales","category-policiales-locales"],"aioseo_notices":[],"gutentor_comment":0,"jetpack_featured_media_url":"https:\/\/eldiariodesanpedro.com.ar\/sitio\/wp-content\/uploads\/2019\/07\/comisaria_1.jpg","jetpack_shortlink":"https:\/\/wp.me\/p6RhLt-eSO","jetpack_sharing_enabled":true,"_links":{"self":[{"href":"https:\/\/eldiariodesanpedro.com.ar\/sitio\/wp-json\/wp\/v2\/posts\/57214","targetHints":{"allow":["GET"]}}],"collection":[{"href":"https:\/\/eldiariodesanpedro.com.ar\/sitio\/wp-json\/wp\/v2\/posts"}],"about":[{"href":"https:\/\/eldiariodesanpedro.com.ar\/sitio\/wp-json\/wp\/v2\/types\/post"}],"author":[{"embeddable":true,"href":"https:\/\/eldiariodesanpedro.com.ar\/sitio\/wp-json\/wp\/v2\/users\/4"}],"replies":[{"embeddable":true,"href":"https:\/\/eldiariodesanpedro.com.ar\/sitio\/wp-json\/wp\/v2\/comments?post=57214"}],"version-history":[{"count":1,"href":"https:\/\/eldiariodesanpedro.com.ar\/sitio\/wp-json\/wp\/v2\/posts\/57214\/revisions"}],"predecessor-version":[{"id":57216,"href":"https:\/\/eldiariodesanpedro.com.ar\/sitio\/wp-json\/wp\/v2\/posts\/57214\/revisions\/57216"}],"wp:featuredmedia":[{"embeddable":true,"href":"https:\/\/eldiariodesanpedro.com.ar\/sitio\/wp-json\/wp\/v2\/media\/57215"}],"wp:attachment":[{"href":"https:\/\/eldiariodesanpedro.com.ar\/sitio\/wp-json\/wp\/v2\/media?parent=57214"}],"wp:term":[{"taxonomy":"category","embeddable":true,"href":"https:\/\/eldiariodesanpedro.com.ar\/sitio\/wp-json\/wp\/v2\/categories?post=57214"},{"taxonomy":"post_tag","embeddable":true,"href":"https:\/\/eldiariodesanpedro.com.ar\/sitio\/wp-json\/wp\/v2\/tags?post=57214"}],"curies":[{"name":"wp","href":"https:\/\/api.w.org\/{rel}","templated":true}]}}