{"id":57204,"date":"2019-07-31T11:30:54","date_gmt":"2019-07-31T14:30:54","guid":{"rendered":"https:\/\/eldiariodesanpedro.com.ar\/sitio\/?p=57204"},"modified":"2019-07-31T11:30:58","modified_gmt":"2019-07-31T14:30:58","slug":"san-nicolas-el-municipio-reabre-el-registro-del-plan-de-acceso-a-tu-vivienda","status":"publish","type":"post","link":"https:\/\/eldiariodesanpedro.com.ar\/sitio\/san-nicolas-el-municipio-reabre-el-registro-del-plan-de-acceso-a-tu-vivienda\/","title":{"rendered":"SAN NICOL\u00c1S | El municipio reabre el registro del \u00abPlan de acceso a tu vivienda\u00bb"},"content":{"rendered":"<!-- VideographyWP Plugin Message: Automatic video embedding prevented by plugin options. -->\n\n<p>Desde el 1ro de agosto y hasta el 30 de septiembre, estar\u00e1 abierto nuevamente el \u201cRegistro \u00danico de Beneficiarios\u201d que cre\u00f3 el Municipio con el objetivo de conocer la real demanda habitacional existente y tener un censo verdadero sobre la necesidad habitacional que existe en nuestra ciudad. La atenci\u00f3n ser\u00e1 en el Cemac, de 7.30 a 12.30.<\/p>\n\n\n\n<p>La reapertura del registro tiene como objetivo actualizar los datos de las personas ya inscriptas (en el caso de que fuera necesario) y de incorporar nuevos interesados. Esto permitir\u00e1 tener listo el censo al momento del sorteo de las viviendas que se est\u00e1n construyendo en barrio San Francisco y trabajar en adecuar los pr\u00f3ximos planes de vivienda de la ciudad a la demanda existente.<\/p>\n\n\n\n<p>En esta instancia, el \u00fanico requisito para la inscripci\u00f3n es concurrir con el DNI y no tener vivienda a tu nombre, como tampoco a nombre de un c\u00f3nyuge ni ser cotitular. El listado de los aspirante ya inscriptos se encuentra disponible en la web, www.sannicolasciudad.gob.ar . Los que ya est\u00e1n inscriptos no necesitan volver a anotarse. La atenci\u00f3n ser\u00e1 de lunes a viernes de 7.30 a 12.30 horas en el Cemac, Garibaldi y Almafuerte.<\/p>\n\n\n\n<p>Es importante resaltar que no hace falta inscribirse con urgencia. El Registro permanecer\u00e1 abierto hasta el 30\/09\/2019 . Las pr\u00f3ximas viviendas a sortearse son las 84 unidades que se est\u00e1n construyendo en barrio San Francisco, que estar\u00e1n listas para fin de a\u00f1o aproximadamente. Adem\u00e1s, se espera el inicio de la construcci\u00f3n de 16 viviendas m\u00e1s, en el mismo lugar, con caracter\u00edsticas particulares vinculadas a la sustentabilidad y el cuidado de la ecolog\u00eda. En total, ser\u00e1n 100 las viviendas para sortear.<\/p>\n\n\n\n<p>Junto a ello, en poco tiempo m\u00e1s se reabrir\u00e1 la inscripci\u00f3n para los lotes con servicio del Procrear II, ubicado en Av. Rucci y cercan\u00edas con Alberdi. Este complejo consta de 455 lotes, de los cu\u00e1les ya fueron adjudicados en sorteos anteriores cerca de 50, quedando m\u00e1s de 400 a\u00fan en disponibilidad. All\u00ed los lotes cuentan con agua potable, gas natural, red de cloacas, iluminaci\u00f3n y pavimento. Una vez adjudicados, los beneficiarios decidir\u00e1n el modelo de casa a construir de acuerdo al cr\u00e9dito que soliciten ante el banco Hipotecario.<\/p>\n\n\n\n<p>Al momento de la creaci\u00f3n del Registro \u00danico de Beneficiarios, en 2017, el Intendente Manuel Passaglia hab\u00eda afirmado que \u201cpara solucionar el problema habitacional de San Nicol\u00e1s se necesita construir muchas viviendas durante muchos a\u00f1os. No va a ser de un d\u00eda para el otro, por lo tanto no hay que tomar esto como que te anot\u00e1s y ya ten\u00e9s una vivienda\u201d; y avis\u00f3: \u201cEs el primer paso, existen muchos planes de viviendas que puedan satisfacer parte de la demanda existente, el objetivo es tener un relevamiento serio y empezar a aplicar esos planes y crear nuevas herramientas para que en el mediano plazo todos los nicole\u00f1os puedan acceder a su vivienda propia\u201d.<\/p>\n\n\n\n<p>Sorteo pasado<\/p>\n\n\n\n<p>La creaci\u00f3n de este Registro permiti\u00f3 hace unos meses atr\u00e1s, realizar el sorteo de 100 viviendas en el barrio Colombo, que ya fueron adjudicadas y entregadas a sus due\u00f1os (con excepci\u00f3n de 2 unidades que pasaron a los beneficiarios suplentes, ya que los titulares no cumplieron con los requisitos, y a\u00fan resta que presenten la documentaci\u00f3n para poder habitarlas). Esta fue la primera vez en la historia de nuestra ciudad que se realiz\u00f3 un sorteo para adjudicar viviendas a familias con bajos recursos. <\/p>\n\n\n\n<p>Fuente: Diario El Informante<\/p>\n","protected":false},"excerpt":{"rendered":"<p>Desde el 1ro de agosto y hasta el 30 de septiembre, estar\u00e1 abierto nuevamente el \u201cRegistro \u00danico de Beneficiarios\u201d que cre\u00f3 el Municipio con el objetivo de conocer la real demanda habitacional existente y tener un censo verdadero sobre la necesidad habitacional que existe en nuestra ciudad. La atenci\u00f3n ser\u00e1 en el Cemac, de 7.30 [&hellip;]<\/p>\n","protected":false},"author":4,"featured_media":57205,"comment_status":"open","ping_status":"closed","sticky":false,"template":"","format":"standard","meta":{"om_disable_all_campaigns":false,"_jetpack_memberships_contains_paid_content":false,"footnotes":""},"categories":[621],"tags":[],"class_list":["post-57204","post","type-post","status-publish","format-standard","has-post-thumbnail","hentry","category-regionales"],"aioseo_notices":[],"gutentor_comment":0,"jetpack_featured_media_url":"https:\/\/eldiariodesanpedro.com.ar\/sitio\/wp-content\/uploads\/2019\/07\/no_4hn2f52p77w6hgwDSC_0026.jpg","jetpack_shortlink":"https:\/\/wp.me\/p6RhLt-eSE","jetpack_sharing_enabled":true,"_links":{"self":[{"href":"https:\/\/eldiariodesanpedro.com.ar\/sitio\/wp-json\/wp\/v2\/posts\/57204","targetHints":{"allow":["GET"]}}],"collection":[{"href":"https:\/\/eldiariodesanpedro.com.ar\/sitio\/wp-json\/wp\/v2\/posts"}],"about":[{"href":"https:\/\/eldiariodesanpedro.com.ar\/sitio\/wp-json\/wp\/v2\/types\/post"}],"author":[{"embeddable":true,"href":"https:\/\/eldiariodesanpedro.com.ar\/sitio\/wp-json\/wp\/v2\/users\/4"}],"replies":[{"embeddable":true,"href":"https:\/\/eldiariodesanpedro.com.ar\/sitio\/wp-json\/wp\/v2\/comments?post=57204"}],"version-history":[{"count":1,"href":"https:\/\/eldiariodesanpedro.com.ar\/sitio\/wp-json\/wp\/v2\/posts\/57204\/revisions"}],"predecessor-version":[{"id":57206,"href":"https:\/\/eldiariodesanpedro.com.ar\/sitio\/wp-json\/wp\/v2\/posts\/57204\/revisions\/57206"}],"wp:featuredmedia":[{"embeddable":true,"href":"https:\/\/eldiariodesanpedro.com.ar\/sitio\/wp-json\/wp\/v2\/media\/57205"}],"wp:attachment":[{"href":"https:\/\/eldiariodesanpedro.com.ar\/sitio\/wp-json\/wp\/v2\/media?parent=57204"}],"wp:term":[{"taxonomy":"category","embeddable":true,"href":"https:\/\/eldiariodesanpedro.com.ar\/sitio\/wp-json\/wp\/v2\/categories?post=57204"},{"taxonomy":"post_tag","embeddable":true,"href":"https:\/\/eldiariodesanpedro.com.ar\/sitio\/wp-json\/wp\/v2\/tags?post=57204"}],"curies":[{"name":"wp","href":"https:\/\/api.w.org\/{rel}","templated":true}]}}