{"id":57201,"date":"2019-07-31T11:29:37","date_gmt":"2019-07-31T14:29:37","guid":{"rendered":"https:\/\/eldiariodesanpedro.com.ar\/sitio\/?p=57201"},"modified":"2019-07-31T11:29:41","modified_gmt":"2019-07-31T14:29:41","slug":"san-nicolas-la-construccion-del-estadio-unico-esta-en-la-etapa-final","status":"publish","type":"post","link":"https:\/\/eldiariodesanpedro.com.ar\/sitio\/san-nicolas-la-construccion-del-estadio-unico-esta-en-la-etapa-final\/","title":{"rendered":"SAN NICOL\u00c1S | La construcci\u00f3n del Estadio \u00danico est\u00e1 en la etapa final"},"content":{"rendered":"<!-- VideographyWP Plugin Message: Automatic video embedding prevented by plugin options. -->\n\n<p>El Estadio \u00danico de San Nicol\u00e1s ya est\u00e1 en la etapa final de construcci\u00f3n. En la ma\u00f1ana de este martes, el intendente Manuel Passaglia visit\u00f3 el predio junto a representante de clubes de la ciudad y la prensa.<\/p>\n\n\n\n<p>Actualmente, en el Estadio se est\u00e1n colocando las butacas y el tejido perimetral. Por otra parte, ya se termin\u00f3 de nivelar el terreno y pr\u00f3ximamente se colocar\u00e1n los paneles de c\u00e9sped y el riego artificial.<\/p>\n\n\n\n<p>A poco de su inauguraci\u00f3n, prevista para octubre, se est\u00e1 analizando qu\u00e9 tipo de evento se va realizar para estrenar el lugar. La idea es que la actividad sea para toda la familia y que todos los nicole\u00f1os la puedan disfrutar.&nbsp;<\/p>\n\n\n\n<p>No obstante, m\u00e1s all\u00e1 de la actividad inaugural, lo que se busca es que el lugar \u00abtenga vida\u00bb, al igual que ocurre hoy con el Aut\u00f3dromo. Por este motivo ya se han programado en agenda encuentros con Asociaci\u00f3n del F\u00fatbol Argentino y con la Uni\u00f3n Argentina de Rugby para futuras competencias en el Estadio \u00danico San Nicol\u00e1s. <\/p>\n\n\n\n<p>Fuente: Diario El Informante<\/p>\n","protected":false},"excerpt":{"rendered":"<p>El Estadio \u00danico de San Nicol\u00e1s ya est\u00e1 en la etapa final de construcci\u00f3n. En la ma\u00f1ana de este martes, el intendente Manuel Passaglia visit\u00f3 el predio junto a representante de clubes de la ciudad y la prensa. Actualmente, en el Estadio se est\u00e1n colocando las butacas y el tejido perimetral. Por otra parte, ya [&hellip;]<\/p>\n","protected":false},"author":4,"featured_media":57202,"comment_status":"open","ping_status":"closed","sticky":false,"template":"","format":"standard","meta":{"om_disable_all_campaigns":false,"_jetpack_memberships_contains_paid_content":false,"footnotes":""},"categories":[621],"tags":[],"class_list":["post-57201","post","type-post","status-publish","format-standard","has-post-thumbnail","hentry","category-regionales"],"aioseo_notices":[],"gutentor_comment":0,"jetpack_featured_media_url":"https:\/\/eldiariodesanpedro.com.ar\/sitio\/wp-content\/uploads\/2019\/07\/no_rupb37ggs22k5vzupraveny_IMG_20190730_202832.jpg","jetpack_shortlink":"https:\/\/wp.me\/p6RhLt-eSB","jetpack_sharing_enabled":true,"_links":{"self":[{"href":"https:\/\/eldiariodesanpedro.com.ar\/sitio\/wp-json\/wp\/v2\/posts\/57201","targetHints":{"allow":["GET"]}}],"collection":[{"href":"https:\/\/eldiariodesanpedro.com.ar\/sitio\/wp-json\/wp\/v2\/posts"}],"about":[{"href":"https:\/\/eldiariodesanpedro.com.ar\/sitio\/wp-json\/wp\/v2\/types\/post"}],"author":[{"embeddable":true,"href":"https:\/\/eldiariodesanpedro.com.ar\/sitio\/wp-json\/wp\/v2\/users\/4"}],"replies":[{"embeddable":true,"href":"https:\/\/eldiariodesanpedro.com.ar\/sitio\/wp-json\/wp\/v2\/comments?post=57201"}],"version-history":[{"count":1,"href":"https:\/\/eldiariodesanpedro.com.ar\/sitio\/wp-json\/wp\/v2\/posts\/57201\/revisions"}],"predecessor-version":[{"id":57203,"href":"https:\/\/eldiariodesanpedro.com.ar\/sitio\/wp-json\/wp\/v2\/posts\/57201\/revisions\/57203"}],"wp:featuredmedia":[{"embeddable":true,"href":"https:\/\/eldiariodesanpedro.com.ar\/sitio\/wp-json\/wp\/v2\/media\/57202"}],"wp:attachment":[{"href":"https:\/\/eldiariodesanpedro.com.ar\/sitio\/wp-json\/wp\/v2\/media?parent=57201"}],"wp:term":[{"taxonomy":"category","embeddable":true,"href":"https:\/\/eldiariodesanpedro.com.ar\/sitio\/wp-json\/wp\/v2\/categories?post=57201"},{"taxonomy":"post_tag","embeddable":true,"href":"https:\/\/eldiariodesanpedro.com.ar\/sitio\/wp-json\/wp\/v2\/tags?post=57201"}],"curies":[{"name":"wp","href":"https:\/\/api.w.org\/{rel}","templated":true}]}}