{"id":57198,"date":"2019-07-31T11:27:36","date_gmt":"2019-07-31T14:27:36","guid":{"rendered":"https:\/\/eldiariodesanpedro.com.ar\/sitio\/?p=57198"},"modified":"2019-07-31T11:27:40","modified_gmt":"2019-07-31T14:27:40","slug":"capitan-sarmiento-encontraron-a-la-mama-de-la-beba-abandonada-en-una-bolsa-de-residuos","status":"publish","type":"post","link":"https:\/\/eldiariodesanpedro.com.ar\/sitio\/capitan-sarmiento-encontraron-a-la-mama-de-la-beba-abandonada-en-una-bolsa-de-residuos\/","title":{"rendered":"CAPIT\u00c1N SARMIENTO | Encontraron a la mam\u00e1 de la beba abandonada en una bolsa de residuos"},"content":{"rendered":"<!-- VideographyWP Plugin Message: Automatic video embedding prevented by plugin options. -->\n\n<p>El caso moviliz\u00f3 a toda la localidad bonaerense de Capit\u00e1n Sarmiento. Una beb\u00e9 reci\u00e9n nacida&nbsp;hab\u00eda sido abandonada dentro de una bolsa de residuos&nbsp;y mil familias expresaron su voluntad de adoptarla. Tras un exhaustivo operativo para localizar a sus padres, la polic\u00eda local confirm\u00f3 este martes que<strong>&nbsp;encontraron a su mam\u00e1.<\/strong><\/p>\n\n\n\n<p>Seg\u00fan constat\u00f3<em>&nbsp;TN<\/em>,&nbsp;<strong>se trata de una joven de 18 a\u00f1os<\/strong>. Los investigadores lograron identificarla despu\u00e9s de<strong>&nbsp;analizar las c\u00e1maras de seguridad de la zona<\/strong>. Esas im\u00e1genes fueron clave para determinar el momento exacto en que la adolescente dej\u00f3 a su hija en la puerta de una casa, entre las calles Guido Lucotti y Pedro Gambaro.<\/p>\n\n\n\n<p>Un grupo de vecinos que estaba caminando por esa esquina el viernes pasado vio la bolsa tirada en la entrada de un estacionamiento y not\u00f3 que se mov\u00eda. Al acercarse, comprob\u00f3 que hab\u00eda en su interior una beba reci\u00e9n nacida&nbsp;<strong>con el cord\u00f3n y la placenta.<\/strong><\/p>\n\n\n\n<p>Una vez trasladada de urgencia al Hospital San Carlos, los m\u00e9dicos explicaron que estaba fuera de peligro y que la hab\u00edan rescatado a tiempo. A pesar de las bajas temperaturas que sufri\u00f3 al intemperie, estaba\u00a0<strong>en buen estado de salud<\/strong>\u00a0y qued\u00f3 internada en observaci\u00f3n.<\/p>\n\n\n\n<p>La Justicia se moviliz\u00f3 de inmediato para lograr identificar a sus padres y entender los motivos que los llevaron a abandonarla en la calle. Hasta el momento, solo encontraron a su mam\u00e1, que\u00a0<strong>estaba en una casa a pocas cuadras de donde dej\u00f3 a la beb\u00e9<\/strong>.<\/p>\n\n\n\n<p> La mam\u00e1 de la beb\u00e9 qued\u00f3 internada en el Hospital San Carlos por estudios de rutina. <\/p>\n\n\n\n<p>En ese domicilio, la adolescente estaba junto a una familia y un grupo de mujeres. Todav\u00eda no trascendi\u00f3 qu\u00e9 v\u00ednculo tiene con estas personas ni qui\u00e9n la asisti\u00f3 en el parto, que se produjo el miso d\u00eda del abandono. Mientras tanto, la internaron en el Hospital San Carlos para realizarle estudios de rutina. Las autoridades judiciales&nbsp;<strong>no adelantaron si iniciar\u00e1n cargos en su contra.<\/strong><\/p>\n\n\n\n<p><br><\/p>\n","protected":false},"excerpt":{"rendered":"<p>El caso moviliz\u00f3 a toda la localidad bonaerense de Capit\u00e1n Sarmiento. Una beb\u00e9 reci\u00e9n nacida&nbsp;hab\u00eda sido abandonada dentro de una bolsa de residuos&nbsp;y mil familias expresaron su voluntad de adoptarla. Tras un exhaustivo operativo para localizar a sus padres, la polic\u00eda local confirm\u00f3 este martes que&nbsp;encontraron a su mam\u00e1. Seg\u00fan constat\u00f3&nbsp;TN,&nbsp;se trata de una joven [&hellip;]<\/p>\n","protected":false},"author":4,"featured_media":57199,"comment_status":"open","ping_status":"closed","sticky":false,"template":"","format":"standard","meta":{"om_disable_all_campaigns":false,"_jetpack_memberships_contains_paid_content":false,"footnotes":""},"categories":[621],"tags":[],"class_list":["post-57198","post","type-post","status-publish","format-standard","has-post-thumbnail","hentry","category-regionales"],"aioseo_notices":[],"gutentor_comment":0,"jetpack_featured_media_url":"https:\/\/eldiariodesanpedro.com.ar\/sitio\/wp-content\/uploads\/2019\/07\/Bebe_1564522427.jpg","jetpack_shortlink":"https:\/\/wp.me\/p6RhLt-eSy","jetpack_sharing_enabled":true,"_links":{"self":[{"href":"https:\/\/eldiariodesanpedro.com.ar\/sitio\/wp-json\/wp\/v2\/posts\/57198","targetHints":{"allow":["GET"]}}],"collection":[{"href":"https:\/\/eldiariodesanpedro.com.ar\/sitio\/wp-json\/wp\/v2\/posts"}],"about":[{"href":"https:\/\/eldiariodesanpedro.com.ar\/sitio\/wp-json\/wp\/v2\/types\/post"}],"author":[{"embeddable":true,"href":"https:\/\/eldiariodesanpedro.com.ar\/sitio\/wp-json\/wp\/v2\/users\/4"}],"replies":[{"embeddable":true,"href":"https:\/\/eldiariodesanpedro.com.ar\/sitio\/wp-json\/wp\/v2\/comments?post=57198"}],"version-history":[{"count":1,"href":"https:\/\/eldiariodesanpedro.com.ar\/sitio\/wp-json\/wp\/v2\/posts\/57198\/revisions"}],"predecessor-version":[{"id":57200,"href":"https:\/\/eldiariodesanpedro.com.ar\/sitio\/wp-json\/wp\/v2\/posts\/57198\/revisions\/57200"}],"wp:featuredmedia":[{"embeddable":true,"href":"https:\/\/eldiariodesanpedro.com.ar\/sitio\/wp-json\/wp\/v2\/media\/57199"}],"wp:attachment":[{"href":"https:\/\/eldiariodesanpedro.com.ar\/sitio\/wp-json\/wp\/v2\/media?parent=57198"}],"wp:term":[{"taxonomy":"category","embeddable":true,"href":"https:\/\/eldiariodesanpedro.com.ar\/sitio\/wp-json\/wp\/v2\/categories?post=57198"},{"taxonomy":"post_tag","embeddable":true,"href":"https:\/\/eldiariodesanpedro.com.ar\/sitio\/wp-json\/wp\/v2\/tags?post=57198"}],"curies":[{"name":"wp","href":"https:\/\/api.w.org\/{rel}","templated":true}]}}