{"id":57195,"date":"2019-07-31T11:21:38","date_gmt":"2019-07-31T14:21:38","guid":{"rendered":"https:\/\/eldiariodesanpedro.com.ar\/sitio\/?p=57195"},"modified":"2019-07-31T11:21:42","modified_gmt":"2019-07-31T14:21:42","slug":"campana-desesperada-busqueda-de-un-joven-en-el-sector-isleno","status":"publish","type":"post","link":"https:\/\/eldiariodesanpedro.com.ar\/sitio\/campana-desesperada-busqueda-de-un-joven-en-el-sector-isleno\/","title":{"rendered":"CAMPANA | Desesperada b\u00fasqueda de un joven en el sector isle\u00f1o"},"content":{"rendered":"<!-- VideographyWP Plugin Message: Automatic video embedding prevented by plugin options. -->\n\n<p>Tiene 21 a\u00f1os y sali\u00f3 de su humilde casa para ir a una vivienda del otro lado del r\u00edo a cargar el celular, ya que no posee energ\u00eda el\u00e9ctrica. Jam\u00e1s regres\u00f3, y el kayak en el que se movilizaba fue hallado flotando r\u00edo abajo, en inmediaciones de la localidad de Escobar.<\/p>\n\n\n\n<p>Daniel Ezequiel Bello, de 21 a\u00f1os, es intensamente buscado desde el pasado Viernes por las autoridades, tras haber desaparecido de la zona en la que habita, sobre el sector insular, a la altura del INTA Campana.<\/p>\n\n\n\n<p>Los rastrillajes son encabezados por personal de Prefectura Naval y la Brigada de Rescate K9. Seg\u00fan explicaron sus familiares, el joven hab\u00eda salido de su vivienda con la intensi\u00f3n de cruzar el rio para poder cargar su tel\u00e9fono celular en una casa vecina, ya que no contaba con energ\u00eda en su hogar.<\/p>\n\n\n\n<p>Pese a que Bello finalmente lleg\u00f3 a la casa de enfrente, jam\u00e1s regres\u00f3 a la propia. Y ante la desesperaci\u00f3n de su familia, se inici\u00f3 una b\u00fasqueda por la zona.<\/p>\n\n\n\n<p>La \u00fanica novedad tras varios d\u00edas de desaparici\u00f3n no es demasiado alentadora: el kayak en el que navegaba el joven isle\u00f1o fue hallado flotando a varios kil\u00f3metros del lugar donde supo andar, muy cerca del l\u00edmite con Escobar.<\/p>\n\n\n\n<p>Los rastrillajes se suspenden durante la noche, pero tienen continuidad con las primeras luces del d\u00eda.\n\n<\/p>\n\n\n\n<p><br><\/p>\n","protected":false},"excerpt":{"rendered":"<p>Tiene 21 a\u00f1os y sali\u00f3 de su humilde casa para ir a una vivienda del otro lado del r\u00edo a cargar el celular, ya que no posee energ\u00eda el\u00e9ctrica. Jam\u00e1s regres\u00f3, y el kayak en el que se movilizaba fue hallado flotando r\u00edo abajo, en inmediaciones de la localidad de Escobar. Daniel Ezequiel Bello, de [&hellip;]<\/p>\n","protected":false},"author":4,"featured_media":57196,"comment_status":"open","ping_status":"closed","sticky":false,"template":"","format":"standard","meta":{"om_disable_all_campaigns":false,"_jetpack_memberships_contains_paid_content":false,"footnotes":""},"categories":[621],"tags":[],"class_list":["post-57195","post","type-post","status-publish","format-standard","has-post-thumbnail","hentry","category-regionales"],"aioseo_notices":[],"gutentor_comment":0,"jetpack_featured_media_url":"https:\/\/eldiariodesanpedro.com.ar\/sitio\/wp-content\/uploads\/2019\/07\/20190730104053.jpg","jetpack_shortlink":"https:\/\/wp.me\/p6RhLt-eSv","jetpack_sharing_enabled":true,"_links":{"self":[{"href":"https:\/\/eldiariodesanpedro.com.ar\/sitio\/wp-json\/wp\/v2\/posts\/57195","targetHints":{"allow":["GET"]}}],"collection":[{"href":"https:\/\/eldiariodesanpedro.com.ar\/sitio\/wp-json\/wp\/v2\/posts"}],"about":[{"href":"https:\/\/eldiariodesanpedro.com.ar\/sitio\/wp-json\/wp\/v2\/types\/post"}],"author":[{"embeddable":true,"href":"https:\/\/eldiariodesanpedro.com.ar\/sitio\/wp-json\/wp\/v2\/users\/4"}],"replies":[{"embeddable":true,"href":"https:\/\/eldiariodesanpedro.com.ar\/sitio\/wp-json\/wp\/v2\/comments?post=57195"}],"version-history":[{"count":1,"href":"https:\/\/eldiariodesanpedro.com.ar\/sitio\/wp-json\/wp\/v2\/posts\/57195\/revisions"}],"predecessor-version":[{"id":57197,"href":"https:\/\/eldiariodesanpedro.com.ar\/sitio\/wp-json\/wp\/v2\/posts\/57195\/revisions\/57197"}],"wp:featuredmedia":[{"embeddable":true,"href":"https:\/\/eldiariodesanpedro.com.ar\/sitio\/wp-json\/wp\/v2\/media\/57196"}],"wp:attachment":[{"href":"https:\/\/eldiariodesanpedro.com.ar\/sitio\/wp-json\/wp\/v2\/media?parent=57195"}],"wp:term":[{"taxonomy":"category","embeddable":true,"href":"https:\/\/eldiariodesanpedro.com.ar\/sitio\/wp-json\/wp\/v2\/categories?post=57195"},{"taxonomy":"post_tag","embeddable":true,"href":"https:\/\/eldiariodesanpedro.com.ar\/sitio\/wp-json\/wp\/v2\/tags?post=57195"}],"curies":[{"name":"wp","href":"https:\/\/api.w.org\/{rel}","templated":true}]}}