{"id":57192,"date":"2019-07-31T11:18:01","date_gmt":"2019-07-31T14:18:01","guid":{"rendered":"https:\/\/eldiariodesanpedro.com.ar\/sitio\/?p=57192"},"modified":"2019-07-31T11:18:05","modified_gmt":"2019-07-31T14:18:05","slug":"campana-polemica-por-el-retiro-de-carteleria-politica-en-el-centro","status":"publish","type":"post","link":"https:\/\/eldiariodesanpedro.com.ar\/sitio\/campana-polemica-por-el-retiro-de-carteleria-politica-en-el-centro\/","title":{"rendered":"CAMPANA | Pol\u00e9mica por el retiro de carteler\u00eda pol\u00edtica en el centro"},"content":{"rendered":"<!-- VideographyWP Plugin Message: Automatic video embedding prevented by plugin options. -->\n\n<p>Seg\u00fan el municipio, hizo cumplir la ordenanza N\u00ba 5854 sobre propaganda pol\u00edtica que \u00abse\u00a0coloc\u00f3 de manera indebida propaganda en la avenida Rocca y otras arterias incumpliendo la normativa que proh\u00edbe la colocaci\u00f3n de carteles que crucen las calles de la ciudad a lo ancho\u00bb, se\u00f1alaron.<\/p>\n\n\n\n<p> El Municipio retir\u00f3 este mi\u00e9rcoles carteler\u00eda pol\u00edtica de la avenida Rocca, porque seg\u00fan indicaron, no respetaba la ordenanza N\u00ba 5854.<br>Tal como informaron desde la Secretar\u00eda de T\u00e9cnica, Administrativa y Legal, esta ordenanza (que fue promulgada por el intendente Varela) proh\u00edbe la colocaci\u00f3n de propaganda y publicidad de cualquier tipo que crucen las calles de la ciudad a lo ancho.<\/p>\n\n\n\n<p>Por tal motivo, personal municipal despleg\u00f3 un operativo de control y retiro de carteler\u00eda que \u00abensucian y contaminan visualmente; como as\u00ed tambi\u00e9n generan distracci\u00f3n que pueden suscitar accidentes de tr\u00e1nsito\u00bb, explicaron.<\/p>\n\n\n\n<p>Desde el Municipio solicitaron a los precandidatos que cumplan con la normativa, a fin de no generar inconvenientes a los vecinos.<\/p>\n\n\n\n<p>Por \u00faltimo, aseguraron que el material ser\u00e1 devuelto al partido que lo hab\u00eda colocado. <\/p>\n\n\n\n<p>Fuente Campana Noticias<\/p>\n\n\n\n<p><br><\/p>\n","protected":false},"excerpt":{"rendered":"<p>Seg\u00fan el municipio, hizo cumplir la ordenanza N\u00ba 5854 sobre propaganda pol\u00edtica que \u00abse\u00a0coloc\u00f3 de manera indebida propaganda en la avenida Rocca y otras arterias incumpliendo la normativa que proh\u00edbe la colocaci\u00f3n de carteles que crucen las calles de la ciudad a lo ancho\u00bb, se\u00f1alaron. El Municipio retir\u00f3 este mi\u00e9rcoles carteler\u00eda pol\u00edtica de la avenida [&hellip;]<\/p>\n","protected":false},"author":4,"featured_media":57193,"comment_status":"open","ping_status":"closed","sticky":false,"template":"","format":"standard","meta":{"om_disable_all_campaigns":false,"_jetpack_memberships_contains_paid_content":false,"footnotes":""},"categories":[621],"tags":[],"class_list":["post-57192","post","type-post","status-publish","format-standard","has-post-thumbnail","hentry","category-regionales"],"aioseo_notices":[],"gutentor_comment":0,"jetpack_featured_media_url":"https:\/\/eldiariodesanpedro.com.ar\/sitio\/wp-content\/uploads\/2019\/07\/20190731103826.jpg","jetpack_shortlink":"https:\/\/wp.me\/p6RhLt-eSs","jetpack_sharing_enabled":true,"_links":{"self":[{"href":"https:\/\/eldiariodesanpedro.com.ar\/sitio\/wp-json\/wp\/v2\/posts\/57192","targetHints":{"allow":["GET"]}}],"collection":[{"href":"https:\/\/eldiariodesanpedro.com.ar\/sitio\/wp-json\/wp\/v2\/posts"}],"about":[{"href":"https:\/\/eldiariodesanpedro.com.ar\/sitio\/wp-json\/wp\/v2\/types\/post"}],"author":[{"embeddable":true,"href":"https:\/\/eldiariodesanpedro.com.ar\/sitio\/wp-json\/wp\/v2\/users\/4"}],"replies":[{"embeddable":true,"href":"https:\/\/eldiariodesanpedro.com.ar\/sitio\/wp-json\/wp\/v2\/comments?post=57192"}],"version-history":[{"count":1,"href":"https:\/\/eldiariodesanpedro.com.ar\/sitio\/wp-json\/wp\/v2\/posts\/57192\/revisions"}],"predecessor-version":[{"id":57194,"href":"https:\/\/eldiariodesanpedro.com.ar\/sitio\/wp-json\/wp\/v2\/posts\/57192\/revisions\/57194"}],"wp:featuredmedia":[{"embeddable":true,"href":"https:\/\/eldiariodesanpedro.com.ar\/sitio\/wp-json\/wp\/v2\/media\/57193"}],"wp:attachment":[{"href":"https:\/\/eldiariodesanpedro.com.ar\/sitio\/wp-json\/wp\/v2\/media?parent=57192"}],"wp:term":[{"taxonomy":"category","embeddable":true,"href":"https:\/\/eldiariodesanpedro.com.ar\/sitio\/wp-json\/wp\/v2\/categories?post=57192"},{"taxonomy":"post_tag","embeddable":true,"href":"https:\/\/eldiariodesanpedro.com.ar\/sitio\/wp-json\/wp\/v2\/tags?post=57192"}],"curies":[{"name":"wp","href":"https:\/\/api.w.org\/{rel}","templated":true}]}}