{"id":57189,"date":"2019-07-31T11:16:19","date_gmt":"2019-07-31T14:16:19","guid":{"rendered":"https:\/\/eldiariodesanpedro.com.ar\/sitio\/?p=57189"},"modified":"2019-07-31T11:16:23","modified_gmt":"2019-07-31T14:16:23","slug":"zarate-victima-fatal-en-el-predio-de-master-bus","status":"publish","type":"post","link":"https:\/\/eldiariodesanpedro.com.ar\/sitio\/zarate-victima-fatal-en-el-predio-de-master-bus\/","title":{"rendered":"Z\u00c1RATE | V\u00edctima fatal en el predio de Master Bus"},"content":{"rendered":"<!-- VideographyWP Plugin Message: Automatic video embedding prevented by plugin options. -->\n\n<p>Sucedi\u00f3 durante horas de la noche de ayer, en las inmediaciones de Ruta N\u00b09 altura Km 87. El hombre ten\u00eda 29 a\u00f1os y muri\u00f3 mientras realizaba labores en una m\u00e1quina.<\/p>\n\n\n\n<p>El joven fue identificado como Marcelo Orozo, hermano de la periodista y conductora del canal local de Cablevisi\u00f3n Noticias.<\/p>\n\n\n\n<p>Desde Z\u00e1rate Alerta enviamos nuestro p\u00e9same y todo el acompa\u00f1amiento a la familia.<\/p>\n\n\n\n<p><strong>Fuente:&nbsp;<\/strong>Noticias Z\u00e1rate Alerta&nbsp;<\/p>\n","protected":false},"excerpt":{"rendered":"<p>Sucedi\u00f3 durante horas de la noche de ayer, en las inmediaciones de Ruta N\u00b09 altura Km 87. El hombre ten\u00eda 29 a\u00f1os y muri\u00f3 mientras realizaba labores en una m\u00e1quina. El joven fue identificado como Marcelo Orozo, hermano de la periodista y conductora del canal local de Cablevisi\u00f3n Noticias. Desde Z\u00e1rate Alerta enviamos nuestro p\u00e9same [&hellip;]<\/p>\n","protected":false},"author":4,"featured_media":57190,"comment_status":"open","ping_status":"closed","sticky":false,"template":"","format":"standard","meta":{"om_disable_all_campaigns":false,"_jetpack_memberships_contains_paid_content":false,"footnotes":""},"categories":[621],"tags":[],"class_list":["post-57189","post","type-post","status-publish","format-standard","has-post-thumbnail","hentry","category-regionales"],"aioseo_notices":[],"gutentor_comment":0,"jetpack_featured_media_url":"https:\/\/eldiariodesanpedro.com.ar\/sitio\/wp-content\/uploads\/2019\/07\/master-bus.png","jetpack_shortlink":"https:\/\/wp.me\/p6RhLt-eSp","jetpack_sharing_enabled":true,"_links":{"self":[{"href":"https:\/\/eldiariodesanpedro.com.ar\/sitio\/wp-json\/wp\/v2\/posts\/57189","targetHints":{"allow":["GET"]}}],"collection":[{"href":"https:\/\/eldiariodesanpedro.com.ar\/sitio\/wp-json\/wp\/v2\/posts"}],"about":[{"href":"https:\/\/eldiariodesanpedro.com.ar\/sitio\/wp-json\/wp\/v2\/types\/post"}],"author":[{"embeddable":true,"href":"https:\/\/eldiariodesanpedro.com.ar\/sitio\/wp-json\/wp\/v2\/users\/4"}],"replies":[{"embeddable":true,"href":"https:\/\/eldiariodesanpedro.com.ar\/sitio\/wp-json\/wp\/v2\/comments?post=57189"}],"version-history":[{"count":1,"href":"https:\/\/eldiariodesanpedro.com.ar\/sitio\/wp-json\/wp\/v2\/posts\/57189\/revisions"}],"predecessor-version":[{"id":57191,"href":"https:\/\/eldiariodesanpedro.com.ar\/sitio\/wp-json\/wp\/v2\/posts\/57189\/revisions\/57191"}],"wp:featuredmedia":[{"embeddable":true,"href":"https:\/\/eldiariodesanpedro.com.ar\/sitio\/wp-json\/wp\/v2\/media\/57190"}],"wp:attachment":[{"href":"https:\/\/eldiariodesanpedro.com.ar\/sitio\/wp-json\/wp\/v2\/media?parent=57189"}],"wp:term":[{"taxonomy":"category","embeddable":true,"href":"https:\/\/eldiariodesanpedro.com.ar\/sitio\/wp-json\/wp\/v2\/categories?post=57189"},{"taxonomy":"post_tag","embeddable":true,"href":"https:\/\/eldiariodesanpedro.com.ar\/sitio\/wp-json\/wp\/v2\/tags?post=57189"}],"curies":[{"name":"wp","href":"https:\/\/api.w.org\/{rel}","templated":true}]}}