{"id":57184,"date":"2019-07-31T09:27:19","date_gmt":"2019-07-31T12:27:19","guid":{"rendered":"https:\/\/eldiariodesanpedro.com.ar\/sitio\/?p=57184"},"modified":"2019-07-31T09:27:20","modified_gmt":"2019-07-31T12:27:20","slug":"danos-y-robo-en-el-refugio-canino","status":"publish","type":"post","link":"https:\/\/eldiariodesanpedro.com.ar\/sitio\/danos-y-robo-en-el-refugio-canino\/","title":{"rendered":"Da\u00f1os y robo en el Refugio canino"},"content":{"rendered":"<!-- VideographyWP Plugin Message: Automatic video embedding prevented by plugin options. -->\n\n<p>Sucedi\u00f3 este martes por la noche entre las 23 y 24 horas, delincuentes ingresaron al lugar violentando la puerta.  Los animales no fueron v\u00edctimas del hecho.<\/p>\n\n\n\n<p>\u00abMe avisaron que estaba la puerta abierta y me vine, que pueden robar de ac\u00e1, no hay nada de valor, SI la vida de los perritos que rogaba que se encontrar\u00e1n bien\u00bb, expres\u00f3 Cecilia Tarsetti, encargada del Refugio con mucha angustia.<\/p>\n\n\n\n<p>\u00abSe llevaron un caloventor , u a radio y el tel\u00e9fono del departamento canino, luego rompieron todo, la puerta estaba arreglada con candado nuevo desde hace unos d\u00edas atr\u00e1s\u00bb<\/p>\n\n\n\n<p>\u00abMe siento mal, me da impotencia, no avanzamos , son rastreros pero mi miedo era que le tiren algo a ellos, pero gracias a Dios est\u00e1n bien\u00bb<\/p>\n\n\n\n<p>\u00abSi me pongo a pensar no me entra en la cabeza quien puede hacer da\u00f1o as\u00ed, en el momento que m\u00e1s viene gente es cuando hacemos las castraciones, pero uno no sabe qui\u00e9n es bueno y qui\u00e9n es malo\u00bb<\/p>\n\n\n\n<p>Para Cecilia no importan las condiciones clim\u00e1ticas. Ni el fr\u00edo, ni el calor, ni la lluvia son un impedimento para trabajar desde primeras horas asistiendo a los animales, que para ella son su vida, como lo ha demostrado siempre, le cuesta mucho alejarse de ellos.<\/p>\n\n\n\n<p>Se traslada todos los d\u00edas hasta el predio, ubicado a unos 2500 metros del casco urbano de San Pedro para realizar las tareas, aveces sola o aveces acompa\u00f1ada por voluntarios\/as.<\/p>\n\n\n\n<p>Uno de los objetivos pendientes, que desde nuestro medio lo hemos charlado siempre es lograr mejorar al 100 por ciento las condiciones edilicias del predio. \u201cSeguimos luchando para poder transformar este lugar en algo mucho mejor pero lamentablemente no podemos hacerlo como pretendemos por no contar, por un lado, con los materiales y tampoco con personas voluntarias que nos ayuden a realizar la construcci\u00f3n nueva de forma eficaz. Queremos hacer las gateras, necesitamos tejidos, mallas, maderas, chapas y clavos para que en d\u00edas de temporal puedan estar mejor resguardados\u201d, se\u00f1ala.<\/p>\n\n\n\n<p>\u00abEl alimento balanceado siempre es necesario la donaci\u00f3n, pueden acercarlo a Lucio Mansilla al 2500 o nos avisan y lo pasamos a buscar , tenemos una p\u00e1gina que nos pueden escribir donde tambi\u00e9n denunciamos casos de violencia con nuestros perritos, y tratamos todos juntos con los rescatistas de solucionar esos horrorosos casos\u00bb.<\/p>\n\n\n\n<ul class=\"wp-block-gallery columns-2 is-cropped wp-block-gallery-1 is-layout-flex wp-block-gallery-is-layout-flex\"><li class=\"blocks-gallery-item\"><figure><img decoding=\"async\" width=\"1024\" height=\"576\" data-attachment-id=\"57181\" data-permalink=\"https:\/\/eldiariodesanpedro.com.ar\/sitio\/img-20190731-wa0006\/\" data-orig-file=\"https:\/\/eldiariodesanpedro.com.ar\/sitio\/wp-content\/uploads\/2019\/07\/IMG-20190731-WA0006.jpg\" data-orig-size=\"1032,581\" data-comments-opened=\"1\" data-image-meta=\"{&quot;aperture&quot;:&quot;0&quot;,&quot;credit&quot;:&quot;&quot;,&quot;camera&quot;:&quot;&quot;,&quot;caption&quot;:&quot;&quot;,&quot;created_timestamp&quot;:&quot;0&quot;,&quot;copyright&quot;:&quot;&quot;,&quot;focal_length&quot;:&quot;0&quot;,&quot;iso&quot;:&quot;0&quot;,&quot;shutter_speed&quot;:&quot;0&quot;,&quot;title&quot;:&quot;&quot;,&quot;orientation&quot;:&quot;0&quot;}\" data-image-title=\"IMG-20190731-WA0006\" data-image-description=\"\" data-image-caption=\"\" data-large-file=\"https:\/\/eldiariodesanpedro.com.ar\/sitio\/wp-content\/uploads\/2019\/07\/IMG-20190731-WA0006-1024x576.jpg\" data-src=\"https:\/\/eldiariodesanpedro.com.ar\/sitio\/wp-content\/uploads\/2019\/07\/IMG-20190731-WA0006-1024x576.jpg\" alt=\"\" data-id=\"57181\" data-link=\"https:\/\/eldiariodesanpedro.com.ar\/sitio\/img-20190731-wa0006\/\" class=\"wp-image-57181 lazyload\" data-srcset=\"https:\/\/eldiariodesanpedro.com.ar\/sitio\/wp-content\/uploads\/2019\/07\/IMG-20190731-WA0006-1024x576.jpg 1024w, https:\/\/eldiariodesanpedro.com.ar\/sitio\/wp-content\/uploads\/2019\/07\/IMG-20190731-WA0006-300x169.jpg 300w, https:\/\/eldiariodesanpedro.com.ar\/sitio\/wp-content\/uploads\/2019\/07\/IMG-20190731-WA0006-768x432.jpg 768w, https:\/\/eldiariodesanpedro.com.ar\/sitio\/wp-content\/uploads\/2019\/07\/IMG-20190731-WA0006.jpg 1032w\" data-sizes=\"(max-width: 1024px) 100vw, 1024px\" src=\"data:image\/svg+xml;base64,PHN2ZyB3aWR0aD0iMSIgaGVpZ2h0PSIxIiB4bWxucz0iaHR0cDovL3d3dy53My5vcmcvMjAwMC9zdmciPjwvc3ZnPg==\" style=\"--smush-placeholder-width: 1024px; --smush-placeholder-aspect-ratio: 1024\/576;\" \/><\/figure><\/li><li class=\"blocks-gallery-item\"><figure><img decoding=\"async\" width=\"576\" height=\"1024\" data-attachment-id=\"57182\" data-permalink=\"https:\/\/eldiariodesanpedro.com.ar\/sitio\/img-20190731-wa0009\/\" data-orig-file=\"https:\/\/eldiariodesanpedro.com.ar\/sitio\/wp-content\/uploads\/2019\/07\/IMG-20190731-WA0009.jpg\" data-orig-size=\"581,1032\" data-comments-opened=\"1\" data-image-meta=\"{&quot;aperture&quot;:&quot;0&quot;,&quot;credit&quot;:&quot;&quot;,&quot;camera&quot;:&quot;&quot;,&quot;caption&quot;:&quot;&quot;,&quot;created_timestamp&quot;:&quot;0&quot;,&quot;copyright&quot;:&quot;&quot;,&quot;focal_length&quot;:&quot;0&quot;,&quot;iso&quot;:&quot;0&quot;,&quot;shutter_speed&quot;:&quot;0&quot;,&quot;title&quot;:&quot;&quot;,&quot;orientation&quot;:&quot;0&quot;}\" data-image-title=\"IMG-20190731-WA0009\" data-image-description=\"\" data-image-caption=\"\" data-large-file=\"https:\/\/eldiariodesanpedro.com.ar\/sitio\/wp-content\/uploads\/2019\/07\/IMG-20190731-WA0009-576x1024.jpg\" data-src=\"https:\/\/eldiariodesanpedro.com.ar\/sitio\/wp-content\/uploads\/2019\/07\/IMG-20190731-WA0009-576x1024.jpg\" alt=\"\" data-id=\"57182\" data-link=\"https:\/\/eldiariodesanpedro.com.ar\/sitio\/img-20190731-wa0009\/\" class=\"wp-image-57182 lazyload\" data-srcset=\"https:\/\/eldiariodesanpedro.com.ar\/sitio\/wp-content\/uploads\/2019\/07\/IMG-20190731-WA0009-576x1024.jpg 576w, https:\/\/eldiariodesanpedro.com.ar\/sitio\/wp-content\/uploads\/2019\/07\/IMG-20190731-WA0009-169x300.jpg 169w, https:\/\/eldiariodesanpedro.com.ar\/sitio\/wp-content\/uploads\/2019\/07\/IMG-20190731-WA0009.jpg 581w\" data-sizes=\"(max-width: 576px) 100vw, 576px\" src=\"data:image\/svg+xml;base64,PHN2ZyB3aWR0aD0iMSIgaGVpZ2h0PSIxIiB4bWxucz0iaHR0cDovL3d3dy53My5vcmcvMjAwMC9zdmciPjwvc3ZnPg==\" style=\"--smush-placeholder-width: 576px; --smush-placeholder-aspect-ratio: 576\/1024;\" \/><\/figure><\/li><\/ul>\n","protected":false},"excerpt":{"rendered":"<p>Sucedi\u00f3 este martes por la noche entre las 23 y 24 horas, delincuentes ingresaron al lugar violentando la puerta. Los animales no fueron v\u00edctimas del hecho. \u00abMe avisaron que estaba la puerta abierta y me vine, que pueden robar de ac\u00e1, no hay nada de valor, SI la vida de los perritos que rogaba que [&hellip;]<\/p>\n","protected":false},"author":4,"featured_media":57181,"comment_status":"open","ping_status":"closed","sticky":false,"template":"","format":"standard","meta":{"om_disable_all_campaigns":false,"_jetpack_memberships_contains_paid_content":false,"footnotes":""},"categories":[50,2,103],"tags":[],"class_list":["post-57184","post","type-post","status-publish","format-standard","has-post-thumbnail","hentry","category-destacadas","category-locales","category-policiales-locales"],"aioseo_notices":[],"gutentor_comment":0,"jetpack_featured_media_url":"https:\/\/eldiariodesanpedro.com.ar\/sitio\/wp-content\/uploads\/2019\/07\/IMG-20190731-WA0006.jpg","jetpack_shortlink":"https:\/\/wp.me\/p6RhLt-eSk","jetpack_sharing_enabled":true,"_links":{"self":[{"href":"https:\/\/eldiariodesanpedro.com.ar\/sitio\/wp-json\/wp\/v2\/posts\/57184","targetHints":{"allow":["GET"]}}],"collection":[{"href":"https:\/\/eldiariodesanpedro.com.ar\/sitio\/wp-json\/wp\/v2\/posts"}],"about":[{"href":"https:\/\/eldiariodesanpedro.com.ar\/sitio\/wp-json\/wp\/v2\/types\/post"}],"author":[{"embeddable":true,"href":"https:\/\/eldiariodesanpedro.com.ar\/sitio\/wp-json\/wp\/v2\/users\/4"}],"replies":[{"embeddable":true,"href":"https:\/\/eldiariodesanpedro.com.ar\/sitio\/wp-json\/wp\/v2\/comments?post=57184"}],"version-history":[{"count":1,"href":"https:\/\/eldiariodesanpedro.com.ar\/sitio\/wp-json\/wp\/v2\/posts\/57184\/revisions"}],"predecessor-version":[{"id":57185,"href":"https:\/\/eldiariodesanpedro.com.ar\/sitio\/wp-json\/wp\/v2\/posts\/57184\/revisions\/57185"}],"wp:featuredmedia":[{"embeddable":true,"href":"https:\/\/eldiariodesanpedro.com.ar\/sitio\/wp-json\/wp\/v2\/media\/57181"}],"wp:attachment":[{"href":"https:\/\/eldiariodesanpedro.com.ar\/sitio\/wp-json\/wp\/v2\/media?parent=57184"}],"wp:term":[{"taxonomy":"category","embeddable":true,"href":"https:\/\/eldiariodesanpedro.com.ar\/sitio\/wp-json\/wp\/v2\/categories?post=57184"},{"taxonomy":"post_tag","embeddable":true,"href":"https:\/\/eldiariodesanpedro.com.ar\/sitio\/wp-json\/wp\/v2\/tags?post=57184"}],"curies":[{"name":"wp","href":"https:\/\/api.w.org\/{rel}","templated":true}]}}