{"id":57172,"date":"2019-07-30T19:14:18","date_gmt":"2019-07-30T22:14:18","guid":{"rendered":"https:\/\/eldiariodesanpedro.com.ar\/sitio\/?p=57172"},"modified":"2019-07-30T19:14:22","modified_gmt":"2019-07-30T22:14:22","slug":"brenda-rojas-y-magdalena-garro-medalla-plateada-en-canotaje","status":"publish","type":"post","link":"https:\/\/eldiariodesanpedro.com.ar\/sitio\/brenda-rojas-y-magdalena-garro-medalla-plateada-en-canotaje\/","title":{"rendered":"Brenda Rojas y Magdalena Garro, medalla plateada en canotaje"},"content":{"rendered":"<!-- VideographyWP Plugin Message: Automatic video embedding prevented by plugin options. -->\n\n<p>La comisi\u00f3n argentina suma una nueva medalla en los Juegos Panamericanos de Lima gracias a la segunda posici\u00f3n de Magdalena Garro y Brenda Rojas.<\/p>\n\n\n\n<p>Las atletas argentinas Magdalena Garro y Brenda Rojas ganaron hoy la medalla de plata en la&nbsp;<strong>modalidad K2 de 500 metros<\/strong>, de canotaje, en los Juegos Panamericanos de Lima.<\/p>\n\n\n\n<p>Garro y Rojas consiguieron un tiempo de 1:46.932 y terminaron por detr\u00e1s de Canad\u00e1 (oro) y por encima de M\u00e9xico (bronce).<\/p>\n\n\n\n<p><\/p>\n","protected":false},"excerpt":{"rendered":"<p>La comisi\u00f3n argentina suma una nueva medalla en los Juegos Panamericanos de Lima gracias a la segunda posici\u00f3n de Magdalena Garro y Brenda Rojas. Las atletas argentinas Magdalena Garro y Brenda Rojas ganaron hoy la medalla de plata en la&nbsp;modalidad K2 de 500 metros, de canotaje, en los Juegos Panamericanos de Lima. Garro y Rojas [&hellip;]<\/p>\n","protected":false},"author":4,"featured_media":57173,"comment_status":"open","ping_status":"closed","sticky":false,"template":"","format":"standard","meta":{"om_disable_all_campaigns":false,"_jetpack_memberships_contains_paid_content":false,"footnotes":""},"categories":[50,101,2],"tags":[],"class_list":["post-57172","post","type-post","status-publish","format-standard","has-post-thumbnail","hentry","category-destacadas","category-interes-general-locales","category-locales"],"aioseo_notices":[],"gutentor_comment":0,"jetpack_featured_media_url":"https:\/\/eldiariodesanpedro.com.ar\/sitio\/wp-content\/uploads\/2019\/07\/1564498453_020462_1564498534_noticia_normal.jpg","jetpack_shortlink":"https:\/\/wp.me\/p6RhLt-eS8","jetpack_sharing_enabled":true,"_links":{"self":[{"href":"https:\/\/eldiariodesanpedro.com.ar\/sitio\/wp-json\/wp\/v2\/posts\/57172","targetHints":{"allow":["GET"]}}],"collection":[{"href":"https:\/\/eldiariodesanpedro.com.ar\/sitio\/wp-json\/wp\/v2\/posts"}],"about":[{"href":"https:\/\/eldiariodesanpedro.com.ar\/sitio\/wp-json\/wp\/v2\/types\/post"}],"author":[{"embeddable":true,"href":"https:\/\/eldiariodesanpedro.com.ar\/sitio\/wp-json\/wp\/v2\/users\/4"}],"replies":[{"embeddable":true,"href":"https:\/\/eldiariodesanpedro.com.ar\/sitio\/wp-json\/wp\/v2\/comments?post=57172"}],"version-history":[{"count":1,"href":"https:\/\/eldiariodesanpedro.com.ar\/sitio\/wp-json\/wp\/v2\/posts\/57172\/revisions"}],"predecessor-version":[{"id":57174,"href":"https:\/\/eldiariodesanpedro.com.ar\/sitio\/wp-json\/wp\/v2\/posts\/57172\/revisions\/57174"}],"wp:featuredmedia":[{"embeddable":true,"href":"https:\/\/eldiariodesanpedro.com.ar\/sitio\/wp-json\/wp\/v2\/media\/57173"}],"wp:attachment":[{"href":"https:\/\/eldiariodesanpedro.com.ar\/sitio\/wp-json\/wp\/v2\/media?parent=57172"}],"wp:term":[{"taxonomy":"category","embeddable":true,"href":"https:\/\/eldiariodesanpedro.com.ar\/sitio\/wp-json\/wp\/v2\/categories?post=57172"},{"taxonomy":"post_tag","embeddable":true,"href":"https:\/\/eldiariodesanpedro.com.ar\/sitio\/wp-json\/wp\/v2\/tags?post=57172"}],"curies":[{"name":"wp","href":"https:\/\/api.w.org\/{rel}","templated":true}]}}