{"id":5717,"date":"2016-07-04T10:06:08","date_gmt":"2016-07-04T13:06:08","guid":{"rendered":"https:\/\/eldiariodesanpedro.com.ar\/sitio\/?p=5717"},"modified":"2026-01-24T00:35:32","modified_gmt":"2026-01-24T03:35:32","slug":"hector-barcala-es-el-presidente-de-la-organizacion-sudamericana-de-karate-hayashi-ha-shitoryu-kai","status":"publish","type":"post","link":"https:\/\/eldiariodesanpedro.com.ar\/sitio\/hector-barcala-es-el-presidente-de-la-organizacion-sudamericana-de-karate-hayashi-ha-shitoryu-kai\/","title":{"rendered":"H\u00e9ctor Barcala es el Presidente de la Organizaci\u00f3n Sudamericana de Karate Hayashi-ha Shitoryu Kai."},"content":{"rendered":"<p><!-- VideographyWP Plugin Message: Automatic video embedding prevented by plugin options. --><br \/>\nSe realiz\u00f3 en nuestro pa\u00eds, teniendo como sede nuestra ciudad, el Seminario y Congreso Sudamericano de Karate Hayashi-ha Shitoryu Kai, a cargo del Shihan Kenichiro Nagatomo, de Osaka Jap\u00f3n, Asesor T\u00e9cnico Mundial y T\u00e9cnico del seleccionado japon\u00e9s de Karate.<br \/>\nEl encuentro llevado a cabo en el Hombu Dojo y en el Gimnasio del Estadio Municipal cont\u00f3 con la presencia de 128 practicantes, entre los que se encontraban profesores y alumnos destacados de nuestro pa\u00eds y representantes de Brasil, Venezuela, Chile y Per\u00fa. Cabe destacar la importancia de la actualizaci\u00f3n t\u00e9cnica recibida.<br \/>\n Finalizado el Seminario, el d\u00eda Domingo, se desarroll\u00f3 el Congreso Sudamericano en el Sal\u00f3n de Conferencias del \u00abHotel Turismo\u00bb, presidido por Kenichiro Nagatomo y contando con la presencia de tres representantes de cada pa\u00eds. Entre las tem\u00e1ticas abordadas se destaca la decisi\u00f3n de realizar el \u00abCampeonato Sudamericano de Karate Hayashi Ha Shitoryu 2018\u00bb en nuestra ciudad, San Pedro, durante la primer semana del mes de Octubre de \u00e9se a\u00f1o.<br \/>\n Por otra parte, en el marco de la nueva formaci\u00f3n de la \u00abOrganizaci\u00f3n Sudamericana de Karate Hayashi-ha Shitoryu Kai\u00bb, se realiz\u00f3 la elecci\u00f3n del presidente de \u00e9sta entidad. Tenemos el agrado y orgullo de informar que el Shihan H\u00e9ctor Luis Barcala fue elegido de forma un\u00e1nime como conductor de la organizaci\u00f3n durante los pr\u00f3ximos 4 a\u00f1os.<br \/>\n Las responsabilidades se acrecientan, pero se asegura una gesti\u00f3n que priorizar\u00e1 los valores, el respecto y la humildad, factores caracter\u00edsticos de nuestra disciplina.  <\/p>\n","protected":false},"excerpt":{"rendered":"<p>Se realiz\u00f3 en nuestro pa\u00eds, teniendo como sede nuestra ciudad, el Seminario y Congreso Sudamericano de Karate Hayashi-ha Shitoryu Kai, a cargo del Shihan Kenichiro Nagatomo, de Osaka Jap\u00f3n, Asesor T\u00e9cnico Mundial y T\u00e9cnico del seleccionado japon\u00e9s de Karate. El encuentro llevado a cabo en el Hombu Dojo y en el Gimnasio del Estadio Municipal [&hellip;]<\/p>\n","protected":false},"author":4,"featured_media":5718,"comment_status":"open","ping_status":"closed","sticky":false,"template":"","format":"standard","meta":{"om_disable_all_campaigns":false,"_jetpack_memberships_contains_paid_content":false,"footnotes":""},"categories":[5],"tags":[],"class_list":["post-5717","post","type-post","status-publish","format-standard","has-post-thumbnail","hentry","category-deportes"],"aioseo_notices":[],"gutentor_comment":0,"jetpack_featured_media_url":"https:\/\/eldiariodesanpedro.com.ar\/sitio\/wp-content\/uploads\/2016\/07\/foto-3-05-07-16-barcala.jpg","jetpack_shortlink":"https:\/\/wp.me\/p6RhLt-1ud","jetpack_sharing_enabled":true,"_links":{"self":[{"href":"https:\/\/eldiariodesanpedro.com.ar\/sitio\/wp-json\/wp\/v2\/posts\/5717","targetHints":{"allow":["GET"]}}],"collection":[{"href":"https:\/\/eldiariodesanpedro.com.ar\/sitio\/wp-json\/wp\/v2\/posts"}],"about":[{"href":"https:\/\/eldiariodesanpedro.com.ar\/sitio\/wp-json\/wp\/v2\/types\/post"}],"author":[{"embeddable":true,"href":"https:\/\/eldiariodesanpedro.com.ar\/sitio\/wp-json\/wp\/v2\/users\/4"}],"replies":[{"embeddable":true,"href":"https:\/\/eldiariodesanpedro.com.ar\/sitio\/wp-json\/wp\/v2\/comments?post=5717"}],"version-history":[{"count":1,"href":"https:\/\/eldiariodesanpedro.com.ar\/sitio\/wp-json\/wp\/v2\/posts\/5717\/revisions"}],"predecessor-version":[{"id":5719,"href":"https:\/\/eldiariodesanpedro.com.ar\/sitio\/wp-json\/wp\/v2\/posts\/5717\/revisions\/5719"}],"wp:featuredmedia":[{"embeddable":true,"href":"https:\/\/eldiariodesanpedro.com.ar\/sitio\/wp-json\/wp\/v2\/media\/5718"}],"wp:attachment":[{"href":"https:\/\/eldiariodesanpedro.com.ar\/sitio\/wp-json\/wp\/v2\/media?parent=5717"}],"wp:term":[{"taxonomy":"category","embeddable":true,"href":"https:\/\/eldiariodesanpedro.com.ar\/sitio\/wp-json\/wp\/v2\/categories?post=5717"},{"taxonomy":"post_tag","embeddable":true,"href":"https:\/\/eldiariodesanpedro.com.ar\/sitio\/wp-json\/wp\/v2\/tags?post=5717"}],"curies":[{"name":"wp","href":"https:\/\/api.w.org\/{rel}","templated":true}]}}