{"id":57168,"date":"2019-07-30T16:47:46","date_gmt":"2019-07-30T19:47:46","guid":{"rendered":"https:\/\/eldiariodesanpedro.com.ar\/sitio\/?p=57168"},"modified":"2019-07-30T16:47:50","modified_gmt":"2019-07-30T19:47:50","slug":"direccion-de-rentas-certificados-para-vehiculos-exentos-por-modelo-ano","status":"publish","type":"post","link":"https:\/\/eldiariodesanpedro.com.ar\/sitio\/direccion-de-rentas-certificados-para-vehiculos-exentos-por-modelo-ano\/","title":{"rendered":"DIRECCION DE RENTAS: Certificados para veh\u00edculos exentos por modelo\/a\u00f1o"},"content":{"rendered":"<!-- VideographyWP Plugin Message: Automatic video embedding prevented by plugin options. -->\n\n<p>\n\nLa Direcci\u00f3n de Rentas de la Municipalidad de San Pedro informa a los contribuyentes que podr\u00e1n solicitar en las oficinas de esta \u00e1rea, de lunes a viernes de 8 a 13hs, el certificado de exenci\u00f3n de pago de patente para aquellos autos y motos que se encuentren en condiciones por ser de un modelo\/a\u00f1o incluido en la Ordenanza Impositiva vigente. El tr\u00e1mite no requiere el pago de ning\u00fan sellado.&nbsp;<\/p>\n\n\n\n<p>Automotores: del a\u00f1o 1977 al a\u00f1o 1997<br>Motos: anteriores al a\u00f1o 2009 (incluido \u00e9ste a\u00f1o)<\/p>\n\n\n\n<p><strong>Tr\u00e1mites GDE<\/strong><\/p>\n\n\n\n<p>Recordamos a los contribuyentes que a partir de la implementaci\u00f3n del Sistema de Gesti\u00f3n Documental Electr\u00f3nica para la Administraci\u00f3n Municipal, la Direcci\u00f3n de Rentas ha incorporado los siguientes tr\u00e1mites:<\/p>\n\n\n\n<p>*Habilitaci\u00f3n de Comercios e Industrias<br>*Certificado de Escriban\u00eda &#8211; Informe Ley 14351<br>*Beneficios y Exenciones seg\u00fan Ordenanza Municipal N\u00b0 5441\/04<br>*Beneficios para Jubilados<br>*Beneficios por Discapacidad \u2013 Autos<br>*Beneficios por Discapacidad \u2013 Inmuebles <\/p>\n\n\n\n<figure class=\"wp-block-image\"><img decoding=\"async\" width=\"1024\" height=\"1010\" data-attachment-id=\"57169\" data-permalink=\"https:\/\/eldiariodesanpedro.com.ar\/sitio\/direccion-de-rentas-certificados-para-vehiculos-exentos-por-modelo-ano\/whatsapp-image-2019-07-30-at-13-54-46\/\" data-orig-file=\"https:\/\/eldiariodesanpedro.com.ar\/sitio\/wp-content\/uploads\/2019\/07\/WhatsApp-Image-2019-07-30-at-13.54.46.jpeg\" data-orig-size=\"1280,1262\" data-comments-opened=\"1\" data-image-meta=\"{&quot;aperture&quot;:&quot;0&quot;,&quot;credit&quot;:&quot;&quot;,&quot;camera&quot;:&quot;&quot;,&quot;caption&quot;:&quot;&quot;,&quot;created_timestamp&quot;:&quot;0&quot;,&quot;copyright&quot;:&quot;&quot;,&quot;focal_length&quot;:&quot;0&quot;,&quot;iso&quot;:&quot;0&quot;,&quot;shutter_speed&quot;:&quot;0&quot;,&quot;title&quot;:&quot;&quot;,&quot;orientation&quot;:&quot;0&quot;}\" data-image-title=\"WhatsApp Image 2019-07-30 at 13.54.46\" data-image-description=\"\" data-image-caption=\"\" data-large-file=\"https:\/\/eldiariodesanpedro.com.ar\/sitio\/wp-content\/uploads\/2019\/07\/WhatsApp-Image-2019-07-30-at-13.54.46-1024x1010.jpeg\" data-src=\"https:\/\/eldiariodesanpedro.com.ar\/sitio\/wp-content\/uploads\/2019\/07\/WhatsApp-Image-2019-07-30-at-13.54.46-1024x1010.jpeg\" alt=\"\" class=\"wp-image-57169 lazyload\" data-srcset=\"https:\/\/eldiariodesanpedro.com.ar\/sitio\/wp-content\/uploads\/2019\/07\/WhatsApp-Image-2019-07-30-at-13.54.46-1024x1010.jpeg 1024w, https:\/\/eldiariodesanpedro.com.ar\/sitio\/wp-content\/uploads\/2019\/07\/WhatsApp-Image-2019-07-30-at-13.54.46-300x296.jpeg 300w, https:\/\/eldiariodesanpedro.com.ar\/sitio\/wp-content\/uploads\/2019\/07\/WhatsApp-Image-2019-07-30-at-13.54.46-768x757.jpeg 768w, https:\/\/eldiariodesanpedro.com.ar\/sitio\/wp-content\/uploads\/2019\/07\/WhatsApp-Image-2019-07-30-at-13.54.46.jpeg 1280w\" data-sizes=\"(max-width: 1024px) 100vw, 1024px\" src=\"data:image\/svg+xml;base64,PHN2ZyB3aWR0aD0iMSIgaGVpZ2h0PSIxIiB4bWxucz0iaHR0cDovL3d3dy53My5vcmcvMjAwMC9zdmciPjwvc3ZnPg==\" style=\"--smush-placeholder-width: 1024px; --smush-placeholder-aspect-ratio: 1024\/1010;\" \/><\/figure>\n","protected":false},"excerpt":{"rendered":"<p>La Direcci\u00f3n de Rentas de la Municipalidad de San Pedro informa a los contribuyentes que podr\u00e1n solicitar en las oficinas de esta \u00e1rea, de lunes a viernes de 8 a 13hs, el certificado de exenci\u00f3n de pago de patente para aquellos autos y motos que se encuentren en condiciones por ser de un modelo\/a\u00f1o incluido [&hellip;]<\/p>\n","protected":false},"author":4,"featured_media":57170,"comment_status":"open","ping_status":"closed","sticky":false,"template":"","format":"standard","meta":{"om_disable_all_campaigns":false,"_jetpack_memberships_contains_paid_content":false,"footnotes":""},"categories":[101,2],"tags":[],"class_list":["post-57168","post","type-post","status-publish","format-standard","has-post-thumbnail","hentry","category-interes-general-locales","category-locales"],"aioseo_notices":[],"gutentor_comment":0,"jetpack_featured_media_url":"https:\/\/eldiariodesanpedro.com.ar\/sitio\/wp-content\/uploads\/2019\/07\/Municipalidad.jpg","jetpack_shortlink":"https:\/\/wp.me\/p6RhLt-eS4","jetpack_sharing_enabled":true,"_links":{"self":[{"href":"https:\/\/eldiariodesanpedro.com.ar\/sitio\/wp-json\/wp\/v2\/posts\/57168","targetHints":{"allow":["GET"]}}],"collection":[{"href":"https:\/\/eldiariodesanpedro.com.ar\/sitio\/wp-json\/wp\/v2\/posts"}],"about":[{"href":"https:\/\/eldiariodesanpedro.com.ar\/sitio\/wp-json\/wp\/v2\/types\/post"}],"author":[{"embeddable":true,"href":"https:\/\/eldiariodesanpedro.com.ar\/sitio\/wp-json\/wp\/v2\/users\/4"}],"replies":[{"embeddable":true,"href":"https:\/\/eldiariodesanpedro.com.ar\/sitio\/wp-json\/wp\/v2\/comments?post=57168"}],"version-history":[{"count":1,"href":"https:\/\/eldiariodesanpedro.com.ar\/sitio\/wp-json\/wp\/v2\/posts\/57168\/revisions"}],"predecessor-version":[{"id":57171,"href":"https:\/\/eldiariodesanpedro.com.ar\/sitio\/wp-json\/wp\/v2\/posts\/57168\/revisions\/57171"}],"wp:featuredmedia":[{"embeddable":true,"href":"https:\/\/eldiariodesanpedro.com.ar\/sitio\/wp-json\/wp\/v2\/media\/57170"}],"wp:attachment":[{"href":"https:\/\/eldiariodesanpedro.com.ar\/sitio\/wp-json\/wp\/v2\/media?parent=57168"}],"wp:term":[{"taxonomy":"category","embeddable":true,"href":"https:\/\/eldiariodesanpedro.com.ar\/sitio\/wp-json\/wp\/v2\/categories?post=57168"},{"taxonomy":"post_tag","embeddable":true,"href":"https:\/\/eldiariodesanpedro.com.ar\/sitio\/wp-json\/wp\/v2\/tags?post=57168"}],"curies":[{"name":"wp","href":"https:\/\/api.w.org\/{rel}","templated":true}]}}