{"id":57165,"date":"2019-07-30T16:43:37","date_gmt":"2019-07-30T19:43:37","guid":{"rendered":"https:\/\/eldiariodesanpedro.com.ar\/sitio\/?p=57165"},"modified":"2019-07-30T16:43:41","modified_gmt":"2019-07-30T19:43:41","slug":"inta-san-pedro-comienza-el-servicio-de-alarma-para-control-de-heladas","status":"publish","type":"post","link":"https:\/\/eldiariodesanpedro.com.ar\/sitio\/inta-san-pedro-comienza-el-servicio-de-alarma-para-control-de-heladas\/","title":{"rendered":"INTA SAN PEDRO: Comienza el \u201cServicio de alarma para control de heladas\u201d"},"content":{"rendered":"<!-- VideographyWP Plugin Message: Automatic video embedding prevented by plugin options. -->\n\n<p>Pensada para productores y asesores de cultivos de durazneros y ar\u00e1ndanos en la zona, ser\u00e1n dos meses alerta para las posibles noches de ocurrencia de una helada. La informaci\u00f3n, que se env\u00eda por whatsapp, mail y tambi\u00e9n disponible en facebook y twitter, contribuir\u00e1 a planificar tareas de control en los montes.<\/p>\n\n\n\n<p> Desde hace 22 a\u00f1os, con los fr\u00edos que pueden afectar la producci\u00f3n de ar\u00e1ndanos y duraznos entre agosto y octubre, se ofrece informaci\u00f3n registrada en la Estaci\u00f3n Agrometeorol\u00f3gica del INTA para que los productores puedan contrastar con los datos relevados en sus lotes.<br> Para proteger del da\u00f1o que pueden ocasionar las heladas, los productores utilizan distintos mecanismos de defensa, y para que \u00e9stos sean m\u00e1s eficientes, el servicio de alarma constituye una herramienta que brinda informaci\u00f3n y acompa\u00f1amiento en las noches en que se perciben descensos de temperatura.<\/p>\n\n\n\n<p> La informaci\u00f3n enviada incluye: temperatura del aire a 1.50 m sin abrigo (en intemperie), humedad relativa, direcci\u00f3n y velocidad del viento. Los mensajes se env\u00edan por whatsapp en forma horaria, con aviso previo a las 19 hs. donde se indica que se realizar\u00e1 el servicio. La finalizaci\u00f3n se produce cuando el evento efectivamente se est\u00e1 produciendo, y por ende se deben poner en funcionamiento los mecanismos de defensa, o bien cuando las condiciones meteorol\u00f3gicas indican que no se producir\u00e1 la helada.<\/p>\n\n\n\n<p>El servicio permite: tomar la decisi\u00f3n de controlar las heladas en base a mayor informaci\u00f3n, reducir costos en la puesta en funcionamiento del sistema de lucha (y por ende en los de producci\u00f3n) y reducir las p\u00e9rdidas en la producci\u00f3n.<\/p>\n\n\n\n<p>Pensada para productores y asesores de cultivos de durazneros y ar\u00e1ndanos en la zona, ser\u00e1n dos meses alerta para las posibles noches de ocurrencia de una helada. La informaci\u00f3n, que se env\u00eda por whatsapp, mail y tambi\u00e9n disponible en facebook y twitter, contribuir\u00e1 a planificar tareas de control en los montes.<\/p>\n\n\n\n<p> Desde hace 22 a\u00f1os, con los fr\u00edos que pueden afectar la producci\u00f3n de ar\u00e1ndanos y duraznos entre agosto y octubre, se ofrece informaci\u00f3n registrada en la Estaci\u00f3n Agrometeorol\u00f3gica del INTA para que los productores puedan contrastar con los datos relevados en sus lotes.<\/p>\n\n\n\n<p> Para proteger del da\u00f1o que pueden ocasionar las heladas, los productores utilizan distintos mecanismos de defensa, y para que \u00e9stos sean m\u00e1s eficientes, el servicio de alarma constituye una herramienta que brinda informaci\u00f3n y acompa\u00f1amiento en las noches en que se perciben descensos de temperatura.<\/p>\n\n\n\n<p> La informaci\u00f3n enviada incluye: temperatura del aire a 1.50 m sin abrigo (en intemperie), humedad relativa, direcci\u00f3n y velocidad del viento. Los mensajes se env\u00edan por whatsapp en forma horaria, con aviso previo a las 19 hs. donde se indica que se realizar\u00e1 el servicio. La finalizaci\u00f3n se produce cuando el evento efectivamente se est\u00e1 produciendo, y por ende se deben poner en funcionamiento los mecanismos de defensa, o bien cuando las condiciones meteorol\u00f3gicas indican que no se producir\u00e1 la helada.<\/p>\n\n\n\n<p> El servicio permite: tomar la decisi\u00f3n de controlar las heladas en base a mayor informaci\u00f3n, reducir costos en la puesta en funcionamiento del sistema de lucha (y por ende en los de producci\u00f3n) y reducir las p\u00e9rdidas en la producci\u00f3n.<\/p>\n","protected":false},"excerpt":{"rendered":"<p>Pensada para productores y asesores de cultivos de durazneros y ar\u00e1ndanos en la zona, ser\u00e1n dos meses alerta para las posibles noches de ocurrencia de una helada. La informaci\u00f3n, que se env\u00eda por whatsapp, mail y tambi\u00e9n disponible en facebook y twitter, contribuir\u00e1 a planificar tareas de control en los montes. Desde hace 22 a\u00f1os, [&hellip;]<\/p>\n","protected":false},"author":4,"featured_media":57166,"comment_status":"open","ping_status":"closed","sticky":false,"template":"","format":"standard","meta":{"om_disable_all_campaigns":false,"_jetpack_memberships_contains_paid_content":false,"footnotes":""},"categories":[621],"tags":[],"class_list":["post-57165","post","type-post","status-publish","format-standard","has-post-thumbnail","hentry","category-regionales"],"aioseo_notices":[],"gutentor_comment":0,"jetpack_featured_media_url":"https:\/\/eldiariodesanpedro.com.ar\/sitio\/wp-content\/uploads\/2019\/07\/unnamed-4.jpg","jetpack_shortlink":"https:\/\/wp.me\/p6RhLt-eS1","jetpack_sharing_enabled":true,"_links":{"self":[{"href":"https:\/\/eldiariodesanpedro.com.ar\/sitio\/wp-json\/wp\/v2\/posts\/57165","targetHints":{"allow":["GET"]}}],"collection":[{"href":"https:\/\/eldiariodesanpedro.com.ar\/sitio\/wp-json\/wp\/v2\/posts"}],"about":[{"href":"https:\/\/eldiariodesanpedro.com.ar\/sitio\/wp-json\/wp\/v2\/types\/post"}],"author":[{"embeddable":true,"href":"https:\/\/eldiariodesanpedro.com.ar\/sitio\/wp-json\/wp\/v2\/users\/4"}],"replies":[{"embeddable":true,"href":"https:\/\/eldiariodesanpedro.com.ar\/sitio\/wp-json\/wp\/v2\/comments?post=57165"}],"version-history":[{"count":1,"href":"https:\/\/eldiariodesanpedro.com.ar\/sitio\/wp-json\/wp\/v2\/posts\/57165\/revisions"}],"predecessor-version":[{"id":57167,"href":"https:\/\/eldiariodesanpedro.com.ar\/sitio\/wp-json\/wp\/v2\/posts\/57165\/revisions\/57167"}],"wp:featuredmedia":[{"embeddable":true,"href":"https:\/\/eldiariodesanpedro.com.ar\/sitio\/wp-json\/wp\/v2\/media\/57166"}],"wp:attachment":[{"href":"https:\/\/eldiariodesanpedro.com.ar\/sitio\/wp-json\/wp\/v2\/media?parent=57165"}],"wp:term":[{"taxonomy":"category","embeddable":true,"href":"https:\/\/eldiariodesanpedro.com.ar\/sitio\/wp-json\/wp\/v2\/categories?post=57165"},{"taxonomy":"post_tag","embeddable":true,"href":"https:\/\/eldiariodesanpedro.com.ar\/sitio\/wp-json\/wp\/v2\/tags?post=57165"}],"curies":[{"name":"wp","href":"https:\/\/api.w.org\/{rel}","templated":true}]}}