{"id":57163,"date":"2019-07-30T16:39:55","date_gmt":"2019-07-30T19:39:55","guid":{"rendered":"https:\/\/eldiariodesanpedro.com.ar\/sitio\/?p=57163"},"modified":"2019-07-30T16:39:59","modified_gmt":"2019-07-30T19:39:59","slug":"cortes-programados-para-manana","status":"publish","type":"post","link":"https:\/\/eldiariodesanpedro.com.ar\/sitio\/cortes-programados-para-manana\/","title":{"rendered":"Cortes programados para ma\u00f1ana"},"content":{"rendered":"<!-- VideographyWP Plugin Message: Automatic video embedding prevented by plugin options. -->\n\n<p>El Departamento El\u00e9ctrico de COOPSER contin\u00faa con un diagrama de tareas de mantenimiento que requiere cortes del servicio programados. Ma\u00f1ana\u00a0<strong>mi\u00e9rcoles 31 de julio<\/strong>\u00a0por las actividades mencionadas se interrumpir\u00e1 el suministro en:<\/p>\n\n\n\n<p>* Ruta Nacional N\u00ba 9 desde el Km 173 hasta km 176 en ambas manos &#8211; Gobernador Castro &#8211; De 8 a 13<\/p>\n\n\n\n<p>* Ex-Ruta Nacional N\u00ba 9 desde el Km 152 hasta km 154 en ambas manos &#8211; Zona de Fabrica Prear &#8211; De 8 a 13&nbsp;<br><br>En caso de lluvia ser\u00e1 reprogramado\n\n<\/p>\n","protected":false},"excerpt":{"rendered":"<p>El Departamento El\u00e9ctrico de COOPSER contin\u00faa con un diagrama de tareas de mantenimiento que requiere cortes del servicio programados. Ma\u00f1ana\u00a0mi\u00e9rcoles 31 de julio\u00a0por las actividades mencionadas se interrumpir\u00e1 el suministro en: * Ruta Nacional N\u00ba 9 desde el Km 173 hasta km 176 en ambas manos &#8211; Gobernador Castro &#8211; De 8 a 13 * [&hellip;]<\/p>\n","protected":false},"author":4,"featured_media":57097,"comment_status":"open","ping_status":"closed","sticky":false,"template":"","format":"standard","meta":{"om_disable_all_campaigns":false,"_jetpack_memberships_contains_paid_content":false,"footnotes":""},"categories":[101,2],"tags":[],"class_list":["post-57163","post","type-post","status-publish","format-standard","has-post-thumbnail","hentry","category-interes-general-locales","category-locales"],"aioseo_notices":[],"gutentor_comment":0,"jetpack_featured_media_url":"https:\/\/eldiariodesanpedro.com.ar\/sitio\/wp-content\/uploads\/2019\/07\/LaCooperativa_ServicioElectrico.jpg","jetpack_shortlink":"https:\/\/wp.me\/p6RhLt-eRZ","jetpack_sharing_enabled":true,"_links":{"self":[{"href":"https:\/\/eldiariodesanpedro.com.ar\/sitio\/wp-json\/wp\/v2\/posts\/57163","targetHints":{"allow":["GET"]}}],"collection":[{"href":"https:\/\/eldiariodesanpedro.com.ar\/sitio\/wp-json\/wp\/v2\/posts"}],"about":[{"href":"https:\/\/eldiariodesanpedro.com.ar\/sitio\/wp-json\/wp\/v2\/types\/post"}],"author":[{"embeddable":true,"href":"https:\/\/eldiariodesanpedro.com.ar\/sitio\/wp-json\/wp\/v2\/users\/4"}],"replies":[{"embeddable":true,"href":"https:\/\/eldiariodesanpedro.com.ar\/sitio\/wp-json\/wp\/v2\/comments?post=57163"}],"version-history":[{"count":1,"href":"https:\/\/eldiariodesanpedro.com.ar\/sitio\/wp-json\/wp\/v2\/posts\/57163\/revisions"}],"predecessor-version":[{"id":57164,"href":"https:\/\/eldiariodesanpedro.com.ar\/sitio\/wp-json\/wp\/v2\/posts\/57163\/revisions\/57164"}],"wp:featuredmedia":[{"embeddable":true,"href":"https:\/\/eldiariodesanpedro.com.ar\/sitio\/wp-json\/wp\/v2\/media\/57097"}],"wp:attachment":[{"href":"https:\/\/eldiariodesanpedro.com.ar\/sitio\/wp-json\/wp\/v2\/media?parent=57163"}],"wp:term":[{"taxonomy":"category","embeddable":true,"href":"https:\/\/eldiariodesanpedro.com.ar\/sitio\/wp-json\/wp\/v2\/categories?post=57163"},{"taxonomy":"post_tag","embeddable":true,"href":"https:\/\/eldiariodesanpedro.com.ar\/sitio\/wp-json\/wp\/v2\/tags?post=57163"}],"curies":[{"name":"wp","href":"https:\/\/api.w.org\/{rel}","templated":true}]}}