{"id":57156,"date":"2019-07-30T11:57:31","date_gmt":"2019-07-30T14:57:31","guid":{"rendered":"https:\/\/eldiariodesanpedro.com.ar\/sitio\/?p=57156"},"modified":"2019-07-30T11:57:35","modified_gmt":"2019-07-30T14:57:35","slug":"ate-comunica-solo-se-presento-la-lista-verde-para-su-reeleccion","status":"publish","type":"post","link":"https:\/\/eldiariodesanpedro.com.ar\/sitio\/ate-comunica-solo-se-presento-la-lista-verde-para-su-reeleccion\/","title":{"rendered":"ATE Comunica: Solo se presento la lista verde para su reelecci\u00f3n"},"content":{"rendered":"<!-- VideographyWP Plugin Message: Automatic video embedding prevented by plugin options. -->\n\n<p><br> El d\u00eda 7 de agosto se realizar\u00e1n las elecciones nacionales de ATE para renovar sus autoridades. En la Seccional San Pedro solamente ha presentado lista la agrupaci\u00f3n Verde Anusate que a nivel nacional postula a Hugo \u201cCachorro\u201d Godoy para su reelecci\u00f3n como Secretario General, acompa\u00f1ado por Rodolfo Aguiar como Secretario General Adjunto.<\/p>\n\n\n\n<p>En el \u00e1mbito provincial la lista est\u00e1 encabezada por Oscar \u201cColo\u201d De Isasi como Secretario General y Vanina Rodr\u00edguez como Secretaria Adjunta. <\/p>\n\n\n\n<p>Actualmente la agrupaci\u00f3n Verde Anusate tiene la conducci\u00f3n del gremio en los niveles nacional, provincial y local. En el caso de San Pedro hay<br> una renovaci\u00f3n de la actual comisi\u00f3n administrativa, la misma est\u00e1 encabezada por Gustavo Gauna como Secretario General y Karen Ramallo como Secretaria General Adjunta, quienes cuentan con muchos a\u00f1os de militancia en el sindicato y reconocidos por su trayectoria.<\/p>\n\n\n\n<p> La nueva comisi\u00f3n directiva est\u00e1 formada por trabajadores del sector Municipal, del Ministerio de Trabajo, Auxiliares de la Educaci\u00f3n, Registro Provincial de las Personas, Patronato de Liberados, Jubilados.<br><\/p>\n\n\n\n<p>A continuaci\u00f3n, se da a conocer la n\u00f3mina de futura comisi\u00f3n administrativa y sus cargos:<\/p>\n\n\n\n<p><br> Gustavo Fabi\u00e1n Gauna: Sec. General<br> Karen Silvina Ramallo: Sec. General Adjunto<br> Juan Carlos Molina: Sec. Administrativo<br> Carlos Lischetti: Sec. Gremial<br> Marcelo Fabi\u00e1n Diez: Pro Sec. Gremial<br> Mar\u00eda Rosana Scarpino: Sec. de Organizaci\u00f3n<br> Sergio Omar Lucena: Sec. de Prensa y Propaganda<br> Stella Maris Molina: Sec. de Acci\u00f3n Social<br> Laura Karina Gonz\u00e1lez: Sec. Turismo, Dep. y Cultura.<br> Mar\u00eda Luj\u00e1n Peralta: Sec. de Finanzas<br> Jos\u00e9 \u00c1ngel Grossi: Pro Sec. de Finanzas<br> Macarena Belo Perazzo: 1\u00b0 Vocal Mario<br> Alberto Albornoz: 2\u00b0 Vocal<br> Carlos Mart\u00edn Tr\u00e1nsito: 3\u00b0 Vocal<br> Leonardo Nicol\u00e1s Calabressi: 4\u00b0 Vocal<br> Elsa Beatriz Gallegos: 5\u00b0 Vocal<br> Juan Pablo Balladares: 6\u00b0 Vocal<br> Mar\u00eda del Carmen Alegre: 7\u00b0 Vocal<br> Orlando Ram\u00f3n Machado: Revisor de Cuentas Titular I<br> Luc\u00eda Soledad Mora: Revisor de Cuentas Titular II<br> Griselda Vanina Parra: Revisor de Cuentas Titular III<br> Mar\u00eda Alejandra Arreyes: Revisor de Cuentas Suplente I<br> Rodolfo Esteban G\u00f3mez: Revisor de Cuentas Suplente II<br> Hern\u00e1n H\u00e9ctor Bertora: Revisor de Cuentas Suplente III<\/p>\n","protected":false},"excerpt":{"rendered":"<p>El d\u00eda 7 de agosto se realizar\u00e1n las elecciones nacionales de ATE para renovar sus autoridades. En la Seccional San Pedro solamente ha presentado lista la agrupaci\u00f3n Verde Anusate que a nivel nacional postula a Hugo \u201cCachorro\u201d Godoy para su reelecci\u00f3n como Secretario General, acompa\u00f1ado por Rodolfo Aguiar como Secretario General Adjunto. En el \u00e1mbito [&hellip;]<\/p>\n","protected":false},"author":4,"featured_media":57157,"comment_status":"open","ping_status":"closed","sticky":false,"template":"","format":"standard","meta":{"om_disable_all_campaigns":false,"_jetpack_memberships_contains_paid_content":false,"footnotes":""},"categories":[2,102],"tags":[],"class_list":["post-57156","post","type-post","status-publish","format-standard","has-post-thumbnail","hentry","category-locales","category-politica-locales"],"aioseo_notices":[],"gutentor_comment":0,"jetpack_featured_media_url":"https:\/\/eldiariodesanpedro.com.ar\/sitio\/wp-content\/uploads\/2019\/07\/Gustavo-Gauna.jpg","jetpack_shortlink":"https:\/\/wp.me\/p6RhLt-eRS","jetpack_sharing_enabled":true,"_links":{"self":[{"href":"https:\/\/eldiariodesanpedro.com.ar\/sitio\/wp-json\/wp\/v2\/posts\/57156","targetHints":{"allow":["GET"]}}],"collection":[{"href":"https:\/\/eldiariodesanpedro.com.ar\/sitio\/wp-json\/wp\/v2\/posts"}],"about":[{"href":"https:\/\/eldiariodesanpedro.com.ar\/sitio\/wp-json\/wp\/v2\/types\/post"}],"author":[{"embeddable":true,"href":"https:\/\/eldiariodesanpedro.com.ar\/sitio\/wp-json\/wp\/v2\/users\/4"}],"replies":[{"embeddable":true,"href":"https:\/\/eldiariodesanpedro.com.ar\/sitio\/wp-json\/wp\/v2\/comments?post=57156"}],"version-history":[{"count":1,"href":"https:\/\/eldiariodesanpedro.com.ar\/sitio\/wp-json\/wp\/v2\/posts\/57156\/revisions"}],"predecessor-version":[{"id":57158,"href":"https:\/\/eldiariodesanpedro.com.ar\/sitio\/wp-json\/wp\/v2\/posts\/57156\/revisions\/57158"}],"wp:featuredmedia":[{"embeddable":true,"href":"https:\/\/eldiariodesanpedro.com.ar\/sitio\/wp-json\/wp\/v2\/media\/57157"}],"wp:attachment":[{"href":"https:\/\/eldiariodesanpedro.com.ar\/sitio\/wp-json\/wp\/v2\/media?parent=57156"}],"wp:term":[{"taxonomy":"category","embeddable":true,"href":"https:\/\/eldiariodesanpedro.com.ar\/sitio\/wp-json\/wp\/v2\/categories?post=57156"},{"taxonomy":"post_tag","embeddable":true,"href":"https:\/\/eldiariodesanpedro.com.ar\/sitio\/wp-json\/wp\/v2\/tags?post=57156"}],"curies":[{"name":"wp","href":"https:\/\/api.w.org\/{rel}","templated":true}]}}