{"id":57152,"date":"2019-07-30T11:37:07","date_gmt":"2019-07-30T14:37:07","guid":{"rendered":"https:\/\/eldiariodesanpedro.com.ar\/sitio\/?p=57152"},"modified":"2019-07-30T11:37:12","modified_gmt":"2019-07-30T14:37:12","slug":"baradero-otro-interno-de-apand-en-grave-estado-en-el-hospital","status":"publish","type":"post","link":"https:\/\/eldiariodesanpedro.com.ar\/sitio\/baradero-otro-interno-de-apand-en-grave-estado-en-el-hospital\/","title":{"rendered":"BARADERO: Otro interno de APAND en grave estado en el hospital"},"content":{"rendered":"<!-- VideographyWP Plugin Message: Automatic video embedding prevented by plugin options. -->\n\n<p>Habr\u00eda ingresado al nosocomio de la ciudad vecina con un cuadro respiratorio, internado en terapia del Hospital Lino Pi\u00f1eiro. Se tratar\u00eda del tercer caso en un mes que sucede algo as\u00ed. <\/p>\n\n\n\n<p>El instituto APAND, allanado en una nueva investigaci\u00f3n judicial, tiene detr\u00e1s una historia de casos aberrantes de presuntos maltratos a pacientes. <\/p>\n\n\n\n<p>La muerte de Zurita\u00a0y el llamado a la Bonaerense dispararon\u00a0una investigaci\u00f3n por lesiones en la UFI N\u00ba9 de Baradero a cargo <em>del <\/em>fiscal Vicente G\u00f3mez, que orden\u00f3 allanar la cl\u00ednica, y una\u00a0rebeli\u00f3n en las calles de la tranquila ciudad bonaerense, cuyos habitantes se encontraban inquietos ante\u00a0un nuevo caso de muerte en el psiqui\u00e1trico. Elizabeth no era la primera.<\/p>\n\n\n\n<p>El \u00faltimo caso judicializado de una muerte violenta que involucra a APAND fue el de\u00a0Elvio \u00c1lvarez, otro paciente internado en el instituto con un retraso mental profundo producto de una meningitis\u00a0que lleg\u00f3 al hospital de Baradero\u00a0en\u00a02016 con marcas de golpes y una neumon\u00eda.\u00a0Muri\u00f3 un a\u00f1o despu\u00e9s luego de ser trasladado al sanatorio G\u00fcemes en la ciudad de Buenos Aires.\u00a0Elvio, oriundo la ciudad bonaerense de Salliquel\u00f3, ten\u00eda 30 a\u00f1os. Hab\u00eda enfrentado episodios de epilepsia desde sus nueve a\u00f1os de edad.<\/p>\n\n\n\n<p>En la causa judicial iniciada para que se investigara el fallecimiento,\u00a0Juan \u00c1lvarez \u2013padre de Elvio\u2013 declar\u00f3 haberlo visto\u00a0en varias visitas realizadas desde su internaci\u00f3n en 2002\u00a0con golpes evidentes.<\/p>\n\n\n\n<p>Seg\u00fan documentos a los que accedi\u00f3\u00a0<strong>Infobae,<\/strong>\u00a0Zulma, la madre de Elvio, declar\u00f3 ante la Justicia que al ver c\u00f3mo la directora de la instituci\u00f3n Susana Rodr\u00edguez maltrataba a su hijo y a sus compa\u00f1eros\u00a0se quej\u00f3 con Teresita Zuloaga, responsable de APAND, quien le dijo que si no le gustaba el trato que se llevara de all\u00ed a su hijo.<\/p>\n\n\n\n<p>Este lunes 29 de julio del corriente a\u00f1o, un nuevo caso ingresa al Hospital local, un interno con estado de hipotermia y problemas respiratorios queda internado en terapia intensiva.<\/p>\n\n\n\n<figure class=\"wp-block-image\"><img decoding=\"async\" width=\"720\" height=\"960\" data-attachment-id=\"57153\" data-permalink=\"https:\/\/eldiariodesanpedro.com.ar\/sitio\/baradero-otro-interno-de-apand-en-grave-estado-en-el-hospital\/67439009_1154531704730759_8177280958903353344_n\/\" data-orig-file=\"https:\/\/eldiariodesanpedro.com.ar\/sitio\/wp-content\/uploads\/2019\/07\/67439009_1154531704730759_8177280958903353344_n.jpg\" data-orig-size=\"720,960\" data-comments-opened=\"1\" data-image-meta=\"{&quot;aperture&quot;:&quot;0&quot;,&quot;credit&quot;:&quot;&quot;,&quot;camera&quot;:&quot;&quot;,&quot;caption&quot;:&quot;&quot;,&quot;created_timestamp&quot;:&quot;0&quot;,&quot;copyright&quot;:&quot;&quot;,&quot;focal_length&quot;:&quot;0&quot;,&quot;iso&quot;:&quot;0&quot;,&quot;shutter_speed&quot;:&quot;0&quot;,&quot;title&quot;:&quot;&quot;,&quot;orientation&quot;:&quot;0&quot;}\" data-image-title=\"67439009_1154531704730759_8177280958903353344_n\" data-image-description=\"\" data-image-caption=\"\" data-large-file=\"https:\/\/eldiariodesanpedro.com.ar\/sitio\/wp-content\/uploads\/2019\/07\/67439009_1154531704730759_8177280958903353344_n.jpg\" data-src=\"https:\/\/eldiariodesanpedro.com.ar\/sitio\/wp-content\/uploads\/2019\/07\/67439009_1154531704730759_8177280958903353344_n.jpg\" alt=\"\" class=\"wp-image-57153 lazyload\" data-srcset=\"https:\/\/eldiariodesanpedro.com.ar\/sitio\/wp-content\/uploads\/2019\/07\/67439009_1154531704730759_8177280958903353344_n.jpg 720w, https:\/\/eldiariodesanpedro.com.ar\/sitio\/wp-content\/uploads\/2019\/07\/67439009_1154531704730759_8177280958903353344_n-225x300.jpg 225w\" data-sizes=\"(max-width: 720px) 100vw, 720px\" src=\"data:image\/svg+xml;base64,PHN2ZyB3aWR0aD0iMSIgaGVpZ2h0PSIxIiB4bWxucz0iaHR0cDovL3d3dy53My5vcmcvMjAwMC9zdmciPjwvc3ZnPg==\" style=\"--smush-placeholder-width: 720px; --smush-placeholder-aspect-ratio: 720\/960;\" \/><\/figure>\n\n\n\n<p>Ampliaremos<\/p>\n\n\n\n<p>Fuente: Bardero Late y Tu radio Baradero<\/p>\n\n\n\n<p>Fuente: Infobae<\/p>\n\n\n\n<p><\/p>\n","protected":false},"excerpt":{"rendered":"<p>Habr\u00eda ingresado al nosocomio de la ciudad vecina con un cuadro respiratorio, internado en terapia del Hospital Lino Pi\u00f1eiro. Se tratar\u00eda del tercer caso en un mes que sucede algo as\u00ed. El instituto APAND, allanado en una nueva investigaci\u00f3n judicial, tiene detr\u00e1s una historia de casos aberrantes de presuntos maltratos a pacientes. La muerte de [&hellip;]<\/p>\n","protected":false},"author":4,"featured_media":57154,"comment_status":"open","ping_status":"closed","sticky":false,"template":"","format":"standard","meta":{"om_disable_all_campaigns":false,"_jetpack_memberships_contains_paid_content":false,"footnotes":""},"categories":[621],"tags":[],"class_list":["post-57152","post","type-post","status-publish","format-standard","has-post-thumbnail","hentry","category-regionales"],"aioseo_notices":[],"gutentor_comment":0,"jetpack_featured_media_url":"https:\/\/eldiariodesanpedro.com.ar\/sitio\/wp-content\/uploads\/2019\/07\/67429047_2090005237975909_1423564290329149440_n.jpg","jetpack_shortlink":"https:\/\/wp.me\/p6RhLt-eRO","jetpack_sharing_enabled":true,"_links":{"self":[{"href":"https:\/\/eldiariodesanpedro.com.ar\/sitio\/wp-json\/wp\/v2\/posts\/57152","targetHints":{"allow":["GET"]}}],"collection":[{"href":"https:\/\/eldiariodesanpedro.com.ar\/sitio\/wp-json\/wp\/v2\/posts"}],"about":[{"href":"https:\/\/eldiariodesanpedro.com.ar\/sitio\/wp-json\/wp\/v2\/types\/post"}],"author":[{"embeddable":true,"href":"https:\/\/eldiariodesanpedro.com.ar\/sitio\/wp-json\/wp\/v2\/users\/4"}],"replies":[{"embeddable":true,"href":"https:\/\/eldiariodesanpedro.com.ar\/sitio\/wp-json\/wp\/v2\/comments?post=57152"}],"version-history":[{"count":1,"href":"https:\/\/eldiariodesanpedro.com.ar\/sitio\/wp-json\/wp\/v2\/posts\/57152\/revisions"}],"predecessor-version":[{"id":57155,"href":"https:\/\/eldiariodesanpedro.com.ar\/sitio\/wp-json\/wp\/v2\/posts\/57152\/revisions\/57155"}],"wp:featuredmedia":[{"embeddable":true,"href":"https:\/\/eldiariodesanpedro.com.ar\/sitio\/wp-json\/wp\/v2\/media\/57154"}],"wp:attachment":[{"href":"https:\/\/eldiariodesanpedro.com.ar\/sitio\/wp-json\/wp\/v2\/media?parent=57152"}],"wp:term":[{"taxonomy":"category","embeddable":true,"href":"https:\/\/eldiariodesanpedro.com.ar\/sitio\/wp-json\/wp\/v2\/categories?post=57152"},{"taxonomy":"post_tag","embeddable":true,"href":"https:\/\/eldiariodesanpedro.com.ar\/sitio\/wp-json\/wp\/v2\/tags?post=57152"}],"curies":[{"name":"wp","href":"https:\/\/api.w.org\/{rel}","templated":true}]}}