{"id":57148,"date":"2019-07-30T11:10:45","date_gmt":"2019-07-30T14:10:45","guid":{"rendered":"https:\/\/eldiariodesanpedro.com.ar\/sitio\/?p=57148"},"modified":"2019-07-30T11:10:51","modified_gmt":"2019-07-30T14:10:51","slug":"san-antonio-de-areco-escenario-para-el-cine-la-television-y-la-publicidad","status":"publish","type":"post","link":"https:\/\/eldiariodesanpedro.com.ar\/sitio\/san-antonio-de-areco-escenario-para-el-cine-la-television-y-la-publicidad\/","title":{"rendered":"SAN ANTONIO DE ARECO : Escenario para el cine, la televisi\u00f3n y la publicidad"},"content":{"rendered":"<!-- VideographyWP Plugin Message: Automatic video embedding prevented by plugin options. -->\n\n<p>El gran despliegue de t\u00e9cnicos y equipos en la cuadra de la Parroquia frente a la plaza Arellano el pasado martes record\u00f3 a m\u00e1s de uno las muchas oportunidades en que nuestra ciudad ofici\u00f3 de escenario para el cine, programas de televisi\u00f3n y comerciales de alto presupuesto.<\/p>\n\n\n\n<p>En el caso de esta semana, una publicidad ambientada en 1920 para la petrolera estatal transform\u00f3 la cuadra, el edificio del Concejo Deliberante, la casa parroquial y pobl\u00f3 el empedrado con autom\u00f3viles impecables y carros guiados por expertos locales.<\/p>\n\n\n\n<p>La poca \u201ccontaminaci\u00f3n visual\u201d permiti\u00f3 con algunos&nbsp; efectos especiales&nbsp; acceder a una ficci\u00f3n en la que tambi\u00e9n participaron vecinos del pueblo como extras especialmente comprometidos en la filmaci\u00f3n, obedeciendo las \u00f3rdenes del director, su asistente y un equipo t\u00e9cnico que incluy\u00f3 una c\u00e1mara-dron.<\/p>\n\n\n\n<p>La producci\u00f3n&nbsp; del comercial record\u00f3 otras ocasiones donde Areco fue escenario de publicidades de gran presupuesto, como las de una famosa cerveza o del banco provincial. En particular, aquel \u201cMe haces bien\u201d de Jorge Drexler&nbsp; para la marca de calditos en el boliche de Fern\u00e1ndez, una producci\u00f3n que cop\u00f3 el almac\u00e9n durante varios d\u00edas.<\/p>\n\n\n\n<p>En el cine, la historia reciente nos lleva a \u201cKoblic\u201d (2016) con Ricardo Dar\u00edn como hu\u00e9sped durante varios meses, tambi\u00e9n \u201cPalau, la pel\u00edcula\u201d (2018) con El Tokio y la plaza como escenarios, ese momento final de \u201cTatuado\u201d (2005) filmada en el Jockey Club del reencuentro de padre e hijo y la expectativa del estreno de \u201cLa bruja\u201d (2017) con Pablo Rago y Erica Rivas&nbsp; que se conocer\u00e1 el pr\u00f3ximo 12 de septiembre.<\/p>\n\n\n\n<p>M\u00e1s atr\u00e1s, la filmaci\u00f3n en su totalidad de \u201cEl Ni\u00f1o de Barro\u201d(2007),&nbsp; \u201cImaginando Argentina\u201d (2003) con Antonio Banderas en Villa L\u00eda y la estancia \u201cLa Bamba\u201d como la casa de campo del filme \u201cCamila\u201d (1984) de Mar\u00eda Luisa Bemberg. Y m\u00e1s atr\u00e1s, por supuesto, \u201cLos Orilleros\u201d(1975) con Rodolfo Beb\u00e1n y la cl\u00e1sica \u201cDon Segundo Sombra\u201d (1969) de Manuel Ant\u00edn.<\/p>\n\n\n\n<p>En televisi\u00f3n, la historia reciente nos lleva a este mismo a\u00f1o con el equipo de \u201cArgentina Tierra de Amor y Venganza\u201d y la China Su\u00e1rez tir\u00e1ndose al r\u00edo desde el Puente Viejo, sin olvidar las locaciones para \u201cPadre Coraje\u201d (2004) y un poco m\u00e1s lejos, \u201cMas all\u00e1 del Horizonte\u201d (1993), coproducci\u00f3n internacional de canal 9.<\/p>\n\n\n\n<p>La lista sigue, y seguro quedaron algunos t\u00edtulos sin nombrar, pero lo cierto es que no ser\u00e1 la del martes la \u00faltima vez que seamos el marco para este tipo\u00a0 de producciones por cercan\u00eda, infraestructura y \u2013 s\u00ed \u2013 vecinos dispuestos\u00a0 a la aventura de la ficci\u00f3n.<\/p>\n\n\n\n<p>Fuente: Bosco Producciones<\/p>\n","protected":false},"excerpt":{"rendered":"<p>El gran despliegue de t\u00e9cnicos y equipos en la cuadra de la Parroquia frente a la plaza Arellano el pasado martes record\u00f3 a m\u00e1s de uno las muchas oportunidades en que nuestra ciudad ofici\u00f3 de escenario para el cine, programas de televisi\u00f3n y comerciales de alto presupuesto. En el caso de esta semana, una publicidad [&hellip;]<\/p>\n","protected":false},"author":4,"featured_media":57149,"comment_status":"open","ping_status":"closed","sticky":false,"template":"","format":"standard","meta":{"om_disable_all_campaigns":false,"_jetpack_memberships_contains_paid_content":false,"footnotes":""},"categories":[621],"tags":[],"class_list":["post-57148","post","type-post","status-publish","format-standard","has-post-thumbnail","hentry","category-regionales"],"aioseo_notices":[],"gutentor_comment":0,"jetpack_featured_media_url":"https:\/\/eldiariodesanpedro.com.ar\/sitio\/wp-content\/uploads\/2019\/07\/foto-de-lucia-n-idiart-6-750x563.jpg","jetpack_shortlink":"https:\/\/wp.me\/p6RhLt-eRK","jetpack_sharing_enabled":true,"_links":{"self":[{"href":"https:\/\/eldiariodesanpedro.com.ar\/sitio\/wp-json\/wp\/v2\/posts\/57148","targetHints":{"allow":["GET"]}}],"collection":[{"href":"https:\/\/eldiariodesanpedro.com.ar\/sitio\/wp-json\/wp\/v2\/posts"}],"about":[{"href":"https:\/\/eldiariodesanpedro.com.ar\/sitio\/wp-json\/wp\/v2\/types\/post"}],"author":[{"embeddable":true,"href":"https:\/\/eldiariodesanpedro.com.ar\/sitio\/wp-json\/wp\/v2\/users\/4"}],"replies":[{"embeddable":true,"href":"https:\/\/eldiariodesanpedro.com.ar\/sitio\/wp-json\/wp\/v2\/comments?post=57148"}],"version-history":[{"count":1,"href":"https:\/\/eldiariodesanpedro.com.ar\/sitio\/wp-json\/wp\/v2\/posts\/57148\/revisions"}],"predecessor-version":[{"id":57150,"href":"https:\/\/eldiariodesanpedro.com.ar\/sitio\/wp-json\/wp\/v2\/posts\/57148\/revisions\/57150"}],"wp:featuredmedia":[{"embeddable":true,"href":"https:\/\/eldiariodesanpedro.com.ar\/sitio\/wp-json\/wp\/v2\/media\/57149"}],"wp:attachment":[{"href":"https:\/\/eldiariodesanpedro.com.ar\/sitio\/wp-json\/wp\/v2\/media?parent=57148"}],"wp:term":[{"taxonomy":"category","embeddable":true,"href":"https:\/\/eldiariodesanpedro.com.ar\/sitio\/wp-json\/wp\/v2\/categories?post=57148"},{"taxonomy":"post_tag","embeddable":true,"href":"https:\/\/eldiariodesanpedro.com.ar\/sitio\/wp-json\/wp\/v2\/tags?post=57148"}],"curies":[{"name":"wp","href":"https:\/\/api.w.org\/{rel}","templated":true}]}}