{"id":57145,"date":"2019-07-30T11:08:07","date_gmt":"2019-07-30T14:08:07","guid":{"rendered":"https:\/\/eldiariodesanpedro.com.ar\/sitio\/?p=57145"},"modified":"2019-07-30T11:08:11","modified_gmt":"2019-07-30T14:08:11","slug":"campana-aprehendieron-a-dos-tirapiedras-de-panamericana","status":"publish","type":"post","link":"https:\/\/eldiariodesanpedro.com.ar\/sitio\/campana-aprehendieron-a-dos-tirapiedras-de-panamericana\/","title":{"rendered":"CAMPANA | Aprehendieron a dos tirapiedras de Panamericana"},"content":{"rendered":"<!-- VideographyWP Plugin Message: Automatic video embedding prevented by plugin options. -->\n\n<p>Anoche personal de comando Patrulla Campana a las ordenes del Comisario Inspector Juarez Ruben zona 01, en circunstancias que se encontraba en recorrida por ruta 9, km 80 mano a capital, ven un veh\u00edculo detenido con balizas colocadas, por lo que se acercan y se entrevistaron con una persona que se identifica como medico, quien manifiesta que momentos antes, se encontraba circulando por mencionado lugar junto a su pareja y 3 hijas, cuando de golpe se llevan por delante un adoqu\u00edn de gran tama\u00f1o, no logrando esquivarlo, lo que produce un desperfecto mec\u00e1nico en el veh\u00edculo, haciendo que el mismo se detenga.<\/p>\n\n\n\n<p>Seguidamente se acercan tres desconocidos con palos, los cuales le sustraen dos valijas que conten\u00edan ropa, c\u00e1maras de seguridad con sus correspondientes grabadoras, dos celulares, y documentaci\u00f3n. Los mismos se dan a la fuga a pie.<\/p>\n\n\n\n<p>Luego de ello, con las descripciones aportadas, m\u00f3vil de zona 01 en conjunto con m\u00f3vil de zona 02, logran aprehender a 2 de los masculinos los cuales resultan ser del barrio Las Praderas, menor y mayor de edad con los elementos antes mencionados.<\/p>\n\n\n\n<p>Se mantiene comunicaci\u00f3n con la Dra Flego, de la UFI nro 1 de menores, quien imparte diligencias de rigor siendo puestos a disposici\u00f3n de la justicia en la comisaria de Campana.<\/p>\n\n\n\n<p><strong>Fuente:&nbsp;<\/strong>Campana Argentina&nbsp;<\/p>\n","protected":false},"excerpt":{"rendered":"<p>Anoche personal de comando Patrulla Campana a las ordenes del Comisario Inspector Juarez Ruben zona 01, en circunstancias que se encontraba en recorrida por ruta 9, km 80 mano a capital, ven un veh\u00edculo detenido con balizas colocadas, por lo que se acercan y se entrevistaron con una persona que se identifica como medico, quien [&hellip;]<\/p>\n","protected":false},"author":4,"featured_media":57146,"comment_status":"open","ping_status":"closed","sticky":false,"template":"","format":"standard","meta":{"om_disable_all_campaigns":false,"_jetpack_memberships_contains_paid_content":false,"footnotes":""},"categories":[621],"tags":[],"class_list":["post-57145","post","type-post","status-publish","format-standard","has-post-thumbnail","hentry","category-regionales"],"aioseo_notices":[],"gutentor_comment":0,"jetpack_featured_media_url":"https:\/\/eldiariodesanpedro.com.ar\/sitio\/wp-content\/uploads\/2019\/07\/IMG_20190728_122646.jpg","jetpack_shortlink":"https:\/\/wp.me\/p6RhLt-eRH","jetpack_sharing_enabled":true,"_links":{"self":[{"href":"https:\/\/eldiariodesanpedro.com.ar\/sitio\/wp-json\/wp\/v2\/posts\/57145","targetHints":{"allow":["GET"]}}],"collection":[{"href":"https:\/\/eldiariodesanpedro.com.ar\/sitio\/wp-json\/wp\/v2\/posts"}],"about":[{"href":"https:\/\/eldiariodesanpedro.com.ar\/sitio\/wp-json\/wp\/v2\/types\/post"}],"author":[{"embeddable":true,"href":"https:\/\/eldiariodesanpedro.com.ar\/sitio\/wp-json\/wp\/v2\/users\/4"}],"replies":[{"embeddable":true,"href":"https:\/\/eldiariodesanpedro.com.ar\/sitio\/wp-json\/wp\/v2\/comments?post=57145"}],"version-history":[{"count":1,"href":"https:\/\/eldiariodesanpedro.com.ar\/sitio\/wp-json\/wp\/v2\/posts\/57145\/revisions"}],"predecessor-version":[{"id":57147,"href":"https:\/\/eldiariodesanpedro.com.ar\/sitio\/wp-json\/wp\/v2\/posts\/57145\/revisions\/57147"}],"wp:featuredmedia":[{"embeddable":true,"href":"https:\/\/eldiariodesanpedro.com.ar\/sitio\/wp-json\/wp\/v2\/media\/57146"}],"wp:attachment":[{"href":"https:\/\/eldiariodesanpedro.com.ar\/sitio\/wp-json\/wp\/v2\/media?parent=57145"}],"wp:term":[{"taxonomy":"category","embeddable":true,"href":"https:\/\/eldiariodesanpedro.com.ar\/sitio\/wp-json\/wp\/v2\/categories?post=57145"},{"taxonomy":"post_tag","embeddable":true,"href":"https:\/\/eldiariodesanpedro.com.ar\/sitio\/wp-json\/wp\/v2\/tags?post=57145"}],"curies":[{"name":"wp","href":"https:\/\/api.w.org\/{rel}","templated":true}]}}