{"id":5714,"date":"2016-07-04T10:05:12","date_gmt":"2016-07-04T13:05:12","guid":{"rendered":"https:\/\/eldiariodesanpedro.com.ar\/sitio\/?p=5714"},"modified":"2026-01-24T00:35:33","modified_gmt":"2026-01-24T03:35:33","slug":"quimey-leiva-en-el-clasificatorio-del-club-platense","status":"publish","type":"post","link":"https:\/\/eldiariodesanpedro.com.ar\/sitio\/quimey-leiva-en-el-clasificatorio-del-club-platense\/","title":{"rendered":"Quimey Leiva en el clasificatorio del club Platense"},"content":{"rendered":"<p><!-- VideographyWP Plugin Message: Automatic video embedding prevented by plugin options. --><br \/>\n El pr\u00f3ximo s\u00e1bado 9 de julio en las instalaciones del club Platense se llevara a cabo el selectivo de la divisional C para el campeonato Argentino de Pat\u00edn, La patinadora Quimey Leiva, club de Pescadores y N\u00e1utica San Pedro, estar\u00e1 participando del mismo para lo cual se viene preparando intensamente unto a la entrenadora Eliana Gonz\u00e1lez.<\/p>\n","protected":false},"excerpt":{"rendered":"<p>El pr\u00f3ximo s\u00e1bado 9 de julio en las instalaciones del club Platense se llevara a cabo el selectivo de la divisional C para el campeonato Argentino de Pat\u00edn, La patinadora Quimey Leiva, club de Pescadores y N\u00e1utica San Pedro, estar\u00e1 participando del mismo para lo cual se viene preparando intensamente unto a la entrenadora Eliana [&hellip;]<\/p>\n","protected":false},"author":4,"featured_media":5715,"comment_status":"open","ping_status":"closed","sticky":false,"template":"","format":"standard","meta":{"om_disable_all_campaigns":false,"_jetpack_memberships_contains_paid_content":false,"footnotes":""},"categories":[5],"tags":[],"class_list":["post-5714","post","type-post","status-publish","format-standard","has-post-thumbnail","hentry","category-deportes"],"aioseo_notices":[],"gutentor_comment":0,"jetpack_featured_media_url":"https:\/\/eldiariodesanpedro.com.ar\/sitio\/wp-content\/uploads\/2016\/07\/foto-2-05-07-16-leiva.jpg","jetpack_shortlink":"https:\/\/wp.me\/p6RhLt-1ua","jetpack_sharing_enabled":true,"_links":{"self":[{"href":"https:\/\/eldiariodesanpedro.com.ar\/sitio\/wp-json\/wp\/v2\/posts\/5714","targetHints":{"allow":["GET"]}}],"collection":[{"href":"https:\/\/eldiariodesanpedro.com.ar\/sitio\/wp-json\/wp\/v2\/posts"}],"about":[{"href":"https:\/\/eldiariodesanpedro.com.ar\/sitio\/wp-json\/wp\/v2\/types\/post"}],"author":[{"embeddable":true,"href":"https:\/\/eldiariodesanpedro.com.ar\/sitio\/wp-json\/wp\/v2\/users\/4"}],"replies":[{"embeddable":true,"href":"https:\/\/eldiariodesanpedro.com.ar\/sitio\/wp-json\/wp\/v2\/comments?post=5714"}],"version-history":[{"count":1,"href":"https:\/\/eldiariodesanpedro.com.ar\/sitio\/wp-json\/wp\/v2\/posts\/5714\/revisions"}],"predecessor-version":[{"id":5716,"href":"https:\/\/eldiariodesanpedro.com.ar\/sitio\/wp-json\/wp\/v2\/posts\/5714\/revisions\/5716"}],"wp:featuredmedia":[{"embeddable":true,"href":"https:\/\/eldiariodesanpedro.com.ar\/sitio\/wp-json\/wp\/v2\/media\/5715"}],"wp:attachment":[{"href":"https:\/\/eldiariodesanpedro.com.ar\/sitio\/wp-json\/wp\/v2\/media?parent=5714"}],"wp:term":[{"taxonomy":"category","embeddable":true,"href":"https:\/\/eldiariodesanpedro.com.ar\/sitio\/wp-json\/wp\/v2\/categories?post=5714"},{"taxonomy":"post_tag","embeddable":true,"href":"https:\/\/eldiariodesanpedro.com.ar\/sitio\/wp-json\/wp\/v2\/tags?post=5714"}],"curies":[{"name":"wp","href":"https:\/\/api.w.org\/{rel}","templated":true}]}}