{"id":57139,"date":"2019-07-30T11:04:22","date_gmt":"2019-07-30T14:04:22","guid":{"rendered":"https:\/\/eldiariodesanpedro.com.ar\/sitio\/?p=57139"},"modified":"2019-07-30T11:04:27","modified_gmt":"2019-07-30T14:04:27","slug":"arrecifes-mas-de-cuatro-mil-personas-pasaron-por-el-arrecifes-rock","status":"publish","type":"post","link":"https:\/\/eldiariodesanpedro.com.ar\/sitio\/arrecifes-mas-de-cuatro-mil-personas-pasaron-por-el-arrecifes-rock\/","title":{"rendered":"ARRECIFES | M\u00e1s de cuatro mil personas pasaron por el \u00abArrecifes Rock\u00bb"},"content":{"rendered":"<!-- VideographyWP Plugin Message: Automatic video embedding prevented by plugin options. -->\n\n<p>Con total apoyo del intendente Javier Olaeta, organizado por la Municipalidad de Arrecifes por iniciativa de la direcci\u00f3n de Prensa y Comunicaci\u00f3n a cargo de Juliano Carbonaro, m\u00e1s de 4.000 personas, de nuestra ciudad y la zona, pasaron por el predio de la Estaci\u00f3n, disfrutando de los m\u00e1s de 80 puestos de artesanos y el patio de comidas instalado por la actual gesti\u00f3n.<\/p>\n\n\n\n<p>Los encargados de abrir el fuego fueron los chicos de \u201cA punto Caramelo\u201d, con la innovaci\u00f3n del rock alternativo entre bater\u00eda electr\u00f3nica y sintetizador, quienes sorprendieron con \u201cPocas opciones\u201d,&nbsp;un viejo hit de recordada y querida \u201cOsa Panda\u201d.<\/p>\n\n\n\n<p>Continu\u00f3 el ritmo del Rock con el power tr\u00edo \u201cSue\u00f1o Cham\u00e1n\u201d, alternando temas propios, mezclados con covers de Pappo y Soda Stereo, entre otros.<\/p>\n\n\n\n<p>Sof\u00eda Acosta, la m\u00e1s joven y en constante ascenso musical, incluso con merchandising propio, le dio un colorido especial a la jornada. Fue la atenci\u00f3n de todos, incluso de los m\u00e1s chiquitos que la segu\u00edan cantando con sus vinchas.<\/p>\n\n\n\n<p>Antes de los legendarios del blues \u201cPrimos de Nadie\u201d rindi\u00f3 un homenaje a \u201cCallejeros\u201d dejando la mecha bien encendida con el cierre a puro Rock con los acordes del tradicional \u201cJijiji\u201d de \u201cPatricio Rey y sus redonditos de Ricota\u201d.<\/p>\n\n\n\n<p>17:25 horas subieron al escenario los de m\u00e1s de 41 a\u00f1os de trayectoria, de Mataderos a nuestra ciudad. \u201cMemphis la Blusera\u201d sacudi\u00f3 a la gente con una lista de temas cargada de hits, abriendo con los nuevos de su \u00faltimo disco \u201cSiempre\u201d, pasando por \u201cLa Bifurcada\u201d y \u201cLa flor m\u00e1s bella\u201d, culminando bien arriba, llenando de calor una jornada fr\u00eda cantando \u201cMoscato pizza y fain\u00e1\u201d, \u201cLocura\u201d y \u201cEl Blues de las 6:30\u201d.<\/p>\n\n\n\n<p>El p\u00fablico se fue satisfecho luego de haber vivido una jornada inolvidable, con buenas propuestas musicales y un sonido acorde. El domingo 28 de julio quedar\u00e1 en la historia del rock local, cuando recordemos el primer \u201cArrecifes Rock\u201d en nuestra ciudad.<\/p>\n","protected":false},"excerpt":{"rendered":"<p>Con total apoyo del intendente Javier Olaeta, organizado por la Municipalidad de Arrecifes por iniciativa de la direcci\u00f3n de Prensa y Comunicaci\u00f3n a cargo de Juliano Carbonaro, m\u00e1s de 4.000 personas, de nuestra ciudad y la zona, pasaron por el predio de la Estaci\u00f3n, disfrutando de los m\u00e1s de 80 puestos de artesanos y el [&hellip;]<\/p>\n","protected":false},"author":4,"featured_media":57140,"comment_status":"open","ping_status":"closed","sticky":false,"template":"","format":"standard","meta":{"om_disable_all_campaigns":false,"_jetpack_memberships_contains_paid_content":false,"footnotes":""},"categories":[621],"tags":[],"class_list":["post-57139","post","type-post","status-publish","format-standard","has-post-thumbnail","hentry","category-regionales"],"aioseo_notices":[],"gutentor_comment":0,"jetpack_featured_media_url":"https:\/\/eldiariodesanpedro.com.ar\/sitio\/wp-content\/uploads\/2019\/07\/arrecifes-rock-8.png","jetpack_shortlink":"https:\/\/wp.me\/p6RhLt-eRB","jetpack_sharing_enabled":true,"_links":{"self":[{"href":"https:\/\/eldiariodesanpedro.com.ar\/sitio\/wp-json\/wp\/v2\/posts\/57139","targetHints":{"allow":["GET"]}}],"collection":[{"href":"https:\/\/eldiariodesanpedro.com.ar\/sitio\/wp-json\/wp\/v2\/posts"}],"about":[{"href":"https:\/\/eldiariodesanpedro.com.ar\/sitio\/wp-json\/wp\/v2\/types\/post"}],"author":[{"embeddable":true,"href":"https:\/\/eldiariodesanpedro.com.ar\/sitio\/wp-json\/wp\/v2\/users\/4"}],"replies":[{"embeddable":true,"href":"https:\/\/eldiariodesanpedro.com.ar\/sitio\/wp-json\/wp\/v2\/comments?post=57139"}],"version-history":[{"count":1,"href":"https:\/\/eldiariodesanpedro.com.ar\/sitio\/wp-json\/wp\/v2\/posts\/57139\/revisions"}],"predecessor-version":[{"id":57141,"href":"https:\/\/eldiariodesanpedro.com.ar\/sitio\/wp-json\/wp\/v2\/posts\/57139\/revisions\/57141"}],"wp:featuredmedia":[{"embeddable":true,"href":"https:\/\/eldiariodesanpedro.com.ar\/sitio\/wp-json\/wp\/v2\/media\/57140"}],"wp:attachment":[{"href":"https:\/\/eldiariodesanpedro.com.ar\/sitio\/wp-json\/wp\/v2\/media?parent=57139"}],"wp:term":[{"taxonomy":"category","embeddable":true,"href":"https:\/\/eldiariodesanpedro.com.ar\/sitio\/wp-json\/wp\/v2\/categories?post=57139"},{"taxonomy":"post_tag","embeddable":true,"href":"https:\/\/eldiariodesanpedro.com.ar\/sitio\/wp-json\/wp\/v2\/tags?post=57139"}],"curies":[{"name":"wp","href":"https:\/\/api.w.org\/{rel}","templated":true}]}}