{"id":57135,"date":"2019-07-30T11:02:52","date_gmt":"2019-07-30T14:02:52","guid":{"rendered":"https:\/\/eldiariodesanpedro.com.ar\/sitio\/?p=57135"},"modified":"2019-07-30T11:02:57","modified_gmt":"2019-07-30T14:02:57","slug":"capitan-sarmiento-buscan-tambien-en-arrecifes-a-la-madre-que-tiro-a-su-beba-en-una-bolsa-de-basura","status":"publish","type":"post","link":"https:\/\/eldiariodesanpedro.com.ar\/sitio\/capitan-sarmiento-buscan-tambien-en-arrecifes-a-la-madre-que-tiro-a-su-beba-en-una-bolsa-de-basura\/","title":{"rendered":"CAPIT\u00c1N SARMIENTO | Buscan tambi\u00e9n en Arrecifes a la madre que tir\u00f3 a su beba en una bolsa de basura"},"content":{"rendered":"<!-- VideographyWP Plugin Message: Automatic video embedding prevented by plugin options. -->\n\n<p>El pasado viernes por la noche, en Capit\u00e1n Sarmiento, una vecina vio que una bolsa de consorcio dejada en la calle para que la recoja el cami\u00f3n de basura, se mov\u00eda.<\/p>\n\n\n\n<p>De inmediato la abri\u00f3 y encontr\u00f3 all\u00ed a una beba reci\u00e9n nacida junto a la placenta.<\/p>\n\n\n\n<p>La mujer dio aviso a la polic\u00eda, que actu\u00f3 r\u00e1pidamente y llev\u00f3 al Hospital San Carlos, donde la recibieron llorando, la revisaron, la pusieron en una incubadora para que recupere la temperatura y lograron salvarle la vida. Cabe destacar que se encuentra en perfecto estado de salud.<\/p>\n\n\n\n<p>En Radio Uno (107.1), Tomy Barneche, periodista del portal Sarmiento Diario, relat\u00f3 los hechos y agreg\u00f3 que \u00abla polic\u00eda a\u00fan no pudo dar con la madre. Seg\u00fan la investigaci\u00f3n, la mujer no ser\u00eda de Capit\u00e1n Sarmiento sino de una localidad vecina o de la zona rural, por ello se la busca en Arrecifes, Duggan, San Antonio de Areco y La Luisa\u00bb.<\/p>\n\n\n\n<p>Barneche a\u00f1adi\u00f3 que \u00ablas pericias indicaron que la beba ten\u00eda pocas horas de nacida y que el parto no se realiz\u00f3 con atenci\u00f3n m\u00e9dica, por ello es probable que la mujer sufra alg\u00fan tipo de problemas de salud por los que tenga que acudir a un centro hospitalario o a un m\u00e9dico particular\u00bb.<\/p>\n\n\n\n<p>Fuente: Noticias Arrecifes <\/p>\n","protected":false},"excerpt":{"rendered":"<p>El pasado viernes por la noche, en Capit\u00e1n Sarmiento, una vecina vio que una bolsa de consorcio dejada en la calle para que la recoja el cami\u00f3n de basura, se mov\u00eda. De inmediato la abri\u00f3 y encontr\u00f3 all\u00ed a una beba reci\u00e9n nacida junto a la placenta. La mujer dio aviso a la polic\u00eda, que [&hellip;]<\/p>\n","protected":false},"author":4,"featured_media":57039,"comment_status":"open","ping_status":"closed","sticky":false,"template":"","format":"standard","meta":{"om_disable_all_campaigns":false,"_jetpack_memberships_contains_paid_content":false,"footnotes":""},"categories":[621],"tags":[],"class_list":["post-57135","post","type-post","status-publish","format-standard","has-post-thumbnail","hentry","category-regionales"],"aioseo_notices":[],"gutentor_comment":0,"jetpack_featured_media_url":"https:\/\/eldiariodesanpedro.com.ar\/sitio\/wp-content\/uploads\/2019\/07\/beba-sarmiento-793x510.jpg","jetpack_shortlink":"https:\/\/wp.me\/p6RhLt-eRx","jetpack_sharing_enabled":true,"_links":{"self":[{"href":"https:\/\/eldiariodesanpedro.com.ar\/sitio\/wp-json\/wp\/v2\/posts\/57135","targetHints":{"allow":["GET"]}}],"collection":[{"href":"https:\/\/eldiariodesanpedro.com.ar\/sitio\/wp-json\/wp\/v2\/posts"}],"about":[{"href":"https:\/\/eldiariodesanpedro.com.ar\/sitio\/wp-json\/wp\/v2\/types\/post"}],"author":[{"embeddable":true,"href":"https:\/\/eldiariodesanpedro.com.ar\/sitio\/wp-json\/wp\/v2\/users\/4"}],"replies":[{"embeddable":true,"href":"https:\/\/eldiariodesanpedro.com.ar\/sitio\/wp-json\/wp\/v2\/comments?post=57135"}],"version-history":[{"count":1,"href":"https:\/\/eldiariodesanpedro.com.ar\/sitio\/wp-json\/wp\/v2\/posts\/57135\/revisions"}],"predecessor-version":[{"id":57138,"href":"https:\/\/eldiariodesanpedro.com.ar\/sitio\/wp-json\/wp\/v2\/posts\/57135\/revisions\/57138"}],"wp:featuredmedia":[{"embeddable":true,"href":"https:\/\/eldiariodesanpedro.com.ar\/sitio\/wp-json\/wp\/v2\/media\/57039"}],"wp:attachment":[{"href":"https:\/\/eldiariodesanpedro.com.ar\/sitio\/wp-json\/wp\/v2\/media?parent=57135"}],"wp:term":[{"taxonomy":"category","embeddable":true,"href":"https:\/\/eldiariodesanpedro.com.ar\/sitio\/wp-json\/wp\/v2\/categories?post=57135"},{"taxonomy":"post_tag","embeddable":true,"href":"https:\/\/eldiariodesanpedro.com.ar\/sitio\/wp-json\/wp\/v2\/tags?post=57135"}],"curies":[{"name":"wp","href":"https:\/\/api.w.org\/{rel}","templated":true}]}}