{"id":57132,"date":"2019-07-30T10:59:38","date_gmt":"2019-07-30T13:59:38","guid":{"rendered":"https:\/\/eldiariodesanpedro.com.ar\/sitio\/?p=57132"},"modified":"2019-07-30T10:59:42","modified_gmt":"2019-07-30T13:59:42","slug":"abre-la-inscripcion-al-servicio-civico-voluntario-para-jovenes","status":"publish","type":"post","link":"https:\/\/eldiariodesanpedro.com.ar\/sitio\/abre-la-inscripcion-al-servicio-civico-voluntario-para-jovenes\/","title":{"rendered":"Abre la inscripci\u00f3n al Servicio C\u00edvico Voluntario para j\u00f3venes"},"content":{"rendered":"<!-- VideographyWP Plugin Message: Automatic video embedding prevented by plugin options. -->\n\n<p>El ministerio de Seguridad de la Naci\u00f3n anunci\u00f3 que ya est\u00e1 abierta la inscripci\u00f3n al Servicio C\u00edvico Voluntario en Valores, que ser\u00e1 coordinado por Gendarmer\u00eda Nacional y est\u00e1 destinado a j\u00f3venes de entre 16 y 20 a\u00f1os que se encuentren en situaci\u00f3n de vulnerabilidad social.<\/p>\n\n\n\n<p>El link de inscripci\u00f3n es: www.argentina.gob.ar\/servicio-civico-voluntario-en-valores. En la p\u00e1gina web tambi\u00e9n figuran las sedes para anotarse en forma presencial.<\/p>\n\n\n\n<p>La creaci\u00f3n del programa, que gener\u00f3 gran pol\u00e9mica en medios de comunicaci\u00f3n y cr\u00edticas de la oposici\u00f3n, se formaliz\u00f3 el 16 de julio pasado a trav\u00e9s de la Resoluci\u00f3n 598\/19 publicada en el Bolet\u00edn Oficial.<\/p>\n\n\n\n<p>El presidente Mauricio Macri present\u00f3 la medida en un acto en Campo de Mayo junto a la ministra de Seguridad Patricia Bullrich, quien explic\u00f3: \u00abLos j\u00f3venes van a asistir una vez por semana. Ser\u00e1 una experiencia de 1.200 chicos en un curso de cuatro meses. Buscamos ampliarlo en enero\u00bb.<\/p>\n\n\n\n<p>Ante la sospecha de que de inmediato llegar\u00edan los cuestionamientos, Bullrich sostuvo: \u00abSin prejuicios por favor, sin estigmatizar, sino abriendo la cabeza y sin insultar\u00bb.<\/p>\n\n\n\n<p>El programa, de acuerdo a los fundamentos explicados por la cartera de Seguridad, busca \u00abfortalecer la capacidad de los j\u00f3venes para aspirar a objetivos, crear y llevar adelante sus proyectos de vida; potenciar el desarrollo intercultural y solidario de la comunidad, promoviendo y estimulando la participaci\u00f3n sociocultural y las aspiraciones relacionadas con el trabajo y la educaci\u00f3n; y dotar y reforzar habilidades sociales, conocimientos y capacidades que faciliten la adquisici\u00f3n de normas, rutinas educativas y h\u00e1bitos sociales\u00bb.<\/p>\n\n\n\n<p>Los talleres ser\u00e1n coordinados por personal de Gendarmer\u00eda Nacional, con la participaci\u00f3n de recursos humanos del Instituto Nacional de Educaci\u00f3n Tecnol\u00f3gica (INET) dependiente del Ministerio de Educaci\u00f3n, Cultura, Ciencia y Tecnolog\u00eda.<\/p>\n\n\n\n<p>Para anotarse hay que tener entre 16 y 20 a\u00f1os y no es necesario estar escolarizado, si bien se apunta justamente a los j\u00f3venes que no concurran con continuidad a la escuela. <\/p>\n\n\n\n<p>Fuente: Diario El Informante<\/p>\n","protected":false},"excerpt":{"rendered":"<p>El ministerio de Seguridad de la Naci\u00f3n anunci\u00f3 que ya est\u00e1 abierta la inscripci\u00f3n al Servicio C\u00edvico Voluntario en Valores, que ser\u00e1 coordinado por Gendarmer\u00eda Nacional y est\u00e1 destinado a j\u00f3venes de entre 16 y 20 a\u00f1os que se encuentren en situaci\u00f3n de vulnerabilidad social. El link de inscripci\u00f3n es: www.argentina.gob.ar\/servicio-civico-voluntario-en-valores. En la p\u00e1gina web [&hellip;]<\/p>\n","protected":false},"author":4,"featured_media":57133,"comment_status":"open","ping_status":"closed","sticky":false,"template":"","format":"standard","meta":{"om_disable_all_campaigns":false,"_jetpack_memberships_contains_paid_content":false,"footnotes":""},"categories":[621],"tags":[],"class_list":["post-57132","post","type-post","status-publish","format-standard","has-post-thumbnail","hentry","category-regionales"],"aioseo_notices":[],"gutentor_comment":0,"jetpack_featured_media_url":"https:\/\/eldiariodesanpedro.com.ar\/sitio\/wp-content\/uploads\/2019\/07\/no_bxlhn6r0fswjakxservicio_civico.jpg","jetpack_shortlink":"https:\/\/wp.me\/p6RhLt-eRu","jetpack_sharing_enabled":true,"_links":{"self":[{"href":"https:\/\/eldiariodesanpedro.com.ar\/sitio\/wp-json\/wp\/v2\/posts\/57132","targetHints":{"allow":["GET"]}}],"collection":[{"href":"https:\/\/eldiariodesanpedro.com.ar\/sitio\/wp-json\/wp\/v2\/posts"}],"about":[{"href":"https:\/\/eldiariodesanpedro.com.ar\/sitio\/wp-json\/wp\/v2\/types\/post"}],"author":[{"embeddable":true,"href":"https:\/\/eldiariodesanpedro.com.ar\/sitio\/wp-json\/wp\/v2\/users\/4"}],"replies":[{"embeddable":true,"href":"https:\/\/eldiariodesanpedro.com.ar\/sitio\/wp-json\/wp\/v2\/comments?post=57132"}],"version-history":[{"count":1,"href":"https:\/\/eldiariodesanpedro.com.ar\/sitio\/wp-json\/wp\/v2\/posts\/57132\/revisions"}],"predecessor-version":[{"id":57134,"href":"https:\/\/eldiariodesanpedro.com.ar\/sitio\/wp-json\/wp\/v2\/posts\/57132\/revisions\/57134"}],"wp:featuredmedia":[{"embeddable":true,"href":"https:\/\/eldiariodesanpedro.com.ar\/sitio\/wp-json\/wp\/v2\/media\/57133"}],"wp:attachment":[{"href":"https:\/\/eldiariodesanpedro.com.ar\/sitio\/wp-json\/wp\/v2\/media?parent=57132"}],"wp:term":[{"taxonomy":"category","embeddable":true,"href":"https:\/\/eldiariodesanpedro.com.ar\/sitio\/wp-json\/wp\/v2\/categories?post=57132"},{"taxonomy":"post_tag","embeddable":true,"href":"https:\/\/eldiariodesanpedro.com.ar\/sitio\/wp-json\/wp\/v2\/tags?post=57132"}],"curies":[{"name":"wp","href":"https:\/\/api.w.org\/{rel}","templated":true}]}}