{"id":57131,"date":"2019-07-30T11:02:01","date_gmt":"2019-07-30T14:02:01","guid":{"rendered":"https:\/\/eldiariodesanpedro.com.ar\/sitio\/?p=57131"},"modified":"2019-07-30T11:02:05","modified_gmt":"2019-07-30T14:02:05","slug":"realidad-virtual-recorrido-360-por-buenos-aires","status":"publish","type":"post","link":"https:\/\/eldiariodesanpedro.com.ar\/sitio\/realidad-virtual-recorrido-360-por-buenos-aires\/","title":{"rendered":"Realidad Virtual: Recorrido 360\u00b0 por Buenos Aires"},"content":{"rendered":"<!-- VideographyWP Plugin Message: Automatic video embedding prevented by plugin options. -->\n\n<p>Grandes y chicos de San Pedro disfrutaron de una experiencia \u00fanica en el Complejo Tur\u00edstico Municipal, un paseo en 360\u00b0 por la Ciudad de Buenos Aires gracias a la realidad virtual de Estaci\u00f3n Buenos Aires, coordinada por el Gobierno de la Ciudad.<\/p>\n\n\n\n<p>Se disfruto de  Fotograf\u00edas de estilo, efecto gran angular, como exigen las publicaciones m\u00e1s profesionales, v\u00eddeo interactivo de Youtube, que permite mover el visor en 360 grados, una  experiencia de recorrer el espacio como si estuviera ah\u00ed desde Realidad Virtual. <br><\/p>\n","protected":false},"excerpt":{"rendered":"<p>Grandes y chicos de San Pedro disfrutaron de una experiencia \u00fanica en el Complejo Tur\u00edstico Municipal, un paseo en 360\u00b0 por la Ciudad de Buenos Aires gracias a la realidad virtual de Estaci\u00f3n Buenos Aires, coordinada por el Gobierno de la Ciudad. Se disfruto de Fotograf\u00edas de estilo, efecto gran angular, como exigen las publicaciones [&hellip;]<\/p>\n","protected":false},"author":4,"featured_media":57136,"comment_status":"open","ping_status":"closed","sticky":false,"template":"","format":"standard","meta":{"om_disable_all_campaigns":false,"_jetpack_memberships_contains_paid_content":false,"footnotes":""},"categories":[101,2],"tags":[],"class_list":["post-57131","post","type-post","status-publish","format-standard","has-post-thumbnail","hentry","category-interes-general-locales","category-locales"],"aioseo_notices":[],"gutentor_comment":0,"jetpack_featured_media_url":"https:\/\/eldiariodesanpedro.com.ar\/sitio\/wp-content\/uploads\/2019\/07\/67381179_2375477335880261_3544212278289104896_o.jpg","jetpack_shortlink":"https:\/\/wp.me\/p6RhLt-eRt","jetpack_sharing_enabled":true,"_links":{"self":[{"href":"https:\/\/eldiariodesanpedro.com.ar\/sitio\/wp-json\/wp\/v2\/posts\/57131","targetHints":{"allow":["GET"]}}],"collection":[{"href":"https:\/\/eldiariodesanpedro.com.ar\/sitio\/wp-json\/wp\/v2\/posts"}],"about":[{"href":"https:\/\/eldiariodesanpedro.com.ar\/sitio\/wp-json\/wp\/v2\/types\/post"}],"author":[{"embeddable":true,"href":"https:\/\/eldiariodesanpedro.com.ar\/sitio\/wp-json\/wp\/v2\/users\/4"}],"replies":[{"embeddable":true,"href":"https:\/\/eldiariodesanpedro.com.ar\/sitio\/wp-json\/wp\/v2\/comments?post=57131"}],"version-history":[{"count":1,"href":"https:\/\/eldiariodesanpedro.com.ar\/sitio\/wp-json\/wp\/v2\/posts\/57131\/revisions"}],"predecessor-version":[{"id":57137,"href":"https:\/\/eldiariodesanpedro.com.ar\/sitio\/wp-json\/wp\/v2\/posts\/57131\/revisions\/57137"}],"wp:featuredmedia":[{"embeddable":true,"href":"https:\/\/eldiariodesanpedro.com.ar\/sitio\/wp-json\/wp\/v2\/media\/57136"}],"wp:attachment":[{"href":"https:\/\/eldiariodesanpedro.com.ar\/sitio\/wp-json\/wp\/v2\/media?parent=57131"}],"wp:term":[{"taxonomy":"category","embeddable":true,"href":"https:\/\/eldiariodesanpedro.com.ar\/sitio\/wp-json\/wp\/v2\/categories?post=57131"},{"taxonomy":"post_tag","embeddable":true,"href":"https:\/\/eldiariodesanpedro.com.ar\/sitio\/wp-json\/wp\/v2\/tags?post=57131"}],"curies":[{"name":"wp","href":"https:\/\/api.w.org\/{rel}","templated":true}]}}