{"id":57115,"date":"2019-07-30T10:27:30","date_gmt":"2019-07-30T13:27:30","guid":{"rendered":"https:\/\/eldiariodesanpedro.com.ar\/sitio\/?p=57115"},"modified":"2019-07-30T10:27:34","modified_gmt":"2019-07-30T13:27:34","slug":"robaron-una-moto-y-fueron-aprehendidos-rapidamente","status":"publish","type":"post","link":"https:\/\/eldiariodesanpedro.com.ar\/sitio\/robaron-una-moto-y-fueron-aprehendidos-rapidamente\/","title":{"rendered":"Robaron una moto y fueron aprehendidos r\u00e1pidamente"},"content":{"rendered":"<!-- VideographyWP Plugin Message: Automatic video embedding prevented by plugin options. -->\n\n<p>Este lunes en horas de la noche un hombre de 17 a\u00f1os a trav\u00e9s del 911 da aviso a la polic\u00eda de un hecho delictivo quienes en un r\u00e1pido accionar policial se aprehendi\u00f3\u00a0 en fuga mediante operativo cerrojo, en Ruta Pcial 1001 y acceso a papel prensa de dos individuos de sexo masculinos de 19 y 21 a\u00f1os, a quienes se les secuestr\u00f3 en su poder arma blanca fabricaci\u00f3n casera utilizada para el hecho delictivo y motocicleta Suzuki A 100, utilizada en huida, sustra\u00edda minutos antes en Basavilbaso esquina Lucio Mansilla, mediante intimidaci\u00f3n con dicha arma\u00a0 secuestrada.<\/p>\n\n\n\n<p>Los aprehendidos permanecen alojados en celda de la dependencia hasta su remisi\u00f3n sede fiscal la motocicleta por su parte fue restituida a la v\u00edctima.<br><\/p>\n","protected":false},"excerpt":{"rendered":"<p>Este lunes en horas de la noche un hombre de 17 a\u00f1os a trav\u00e9s del 911 da aviso a la polic\u00eda de un hecho delictivo quienes en un r\u00e1pido accionar policial se aprehendi\u00f3\u00a0 en fuga mediante operativo cerrojo, en Ruta Pcial 1001 y acceso a papel prensa de dos individuos de sexo masculinos de 19 [&hellip;]<\/p>\n","protected":false},"author":4,"featured_media":56465,"comment_status":"open","ping_status":"closed","sticky":false,"template":"","format":"standard","meta":{"om_disable_all_campaigns":false,"_jetpack_memberships_contains_paid_content":false,"footnotes":""},"categories":[2,103],"tags":[],"class_list":["post-57115","post","type-post","status-publish","format-standard","has-post-thumbnail","hentry","category-locales","category-policiales-locales"],"aioseo_notices":[],"gutentor_comment":0,"jetpack_featured_media_url":"https:\/\/eldiariodesanpedro.com.ar\/sitio\/wp-content\/uploads\/2019\/07\/124174.jpg","jetpack_shortlink":"https:\/\/wp.me\/p6RhLt-eRd","jetpack_sharing_enabled":true,"_links":{"self":[{"href":"https:\/\/eldiariodesanpedro.com.ar\/sitio\/wp-json\/wp\/v2\/posts\/57115","targetHints":{"allow":["GET"]}}],"collection":[{"href":"https:\/\/eldiariodesanpedro.com.ar\/sitio\/wp-json\/wp\/v2\/posts"}],"about":[{"href":"https:\/\/eldiariodesanpedro.com.ar\/sitio\/wp-json\/wp\/v2\/types\/post"}],"author":[{"embeddable":true,"href":"https:\/\/eldiariodesanpedro.com.ar\/sitio\/wp-json\/wp\/v2\/users\/4"}],"replies":[{"embeddable":true,"href":"https:\/\/eldiariodesanpedro.com.ar\/sitio\/wp-json\/wp\/v2\/comments?post=57115"}],"version-history":[{"count":1,"href":"https:\/\/eldiariodesanpedro.com.ar\/sitio\/wp-json\/wp\/v2\/posts\/57115\/revisions"}],"predecessor-version":[{"id":57118,"href":"https:\/\/eldiariodesanpedro.com.ar\/sitio\/wp-json\/wp\/v2\/posts\/57115\/revisions\/57118"}],"wp:featuredmedia":[{"embeddable":true,"href":"https:\/\/eldiariodesanpedro.com.ar\/sitio\/wp-json\/wp\/v2\/media\/56465"}],"wp:attachment":[{"href":"https:\/\/eldiariodesanpedro.com.ar\/sitio\/wp-json\/wp\/v2\/media?parent=57115"}],"wp:term":[{"taxonomy":"category","embeddable":true,"href":"https:\/\/eldiariodesanpedro.com.ar\/sitio\/wp-json\/wp\/v2\/categories?post=57115"},{"taxonomy":"post_tag","embeddable":true,"href":"https:\/\/eldiariodesanpedro.com.ar\/sitio\/wp-json\/wp\/v2\/tags?post=57115"}],"curies":[{"name":"wp","href":"https:\/\/api.w.org\/{rel}","templated":true}]}}