{"id":57112,"date":"2019-07-30T10:15:43","date_gmt":"2019-07-30T13:15:43","guid":{"rendered":"https:\/\/eldiariodesanpedro.com.ar\/sitio\/?p=57112"},"modified":"2019-07-30T10:15:48","modified_gmt":"2019-07-30T13:15:48","slug":"dos-delincuentes-aprehendidos-por-el-robo-de-una-garrafa","status":"publish","type":"post","link":"https:\/\/eldiariodesanpedro.com.ar\/sitio\/dos-delincuentes-aprehendidos-por-el-robo-de-una-garrafa\/","title":{"rendered":"Dos delincuentes aprehendidos por el robo de una garrafa"},"content":{"rendered":"<!-- VideographyWP Plugin Message: Automatic video embedding prevented by plugin options. -->\n\n<p>Este lunes en horas de la tarde el personal de la Comisar\u00eda alertado por v\u00edctima masculino de 59 a\u00f1os en un r\u00e1pido accionar policial aprehendi\u00f3 a dos individuos de sexo masculinos de 20 y 25, a bordo motocicleta 110 cc a quienes se le secuestr\u00f3\u00a0 en su poder dos garrafas de 15 kg , las que momentos antes en Saavedra al 1600, sustraen del interior de la vivienda previo violentar abertura.\u00a0\u00a0<\/p>\n\n\n\n<p>Intervino la UFI N\u00b0 11 quien ante el delito toma recaudos legales, los delincuente quedan alojados en celda de la dependencia hasta su remisi\u00f3n sede fiscal, el elementos secuestrado es reintegrado a su propietario y la motocicleta en la que se movilizaban fue secuestrada por el juzgado de faltas por carecer papeles.<br><\/p>\n","protected":false},"excerpt":{"rendered":"<p>Este lunes en horas de la tarde el personal de la Comisar\u00eda alertado por v\u00edctima masculino de 59 a\u00f1os en un r\u00e1pido accionar policial aprehendi\u00f3 a dos individuos de sexo masculinos de 20 y 25, a bordo motocicleta 110 cc a quienes se le secuestr\u00f3\u00a0 en su poder dos garrafas de 15 kg , las [&hellip;]<\/p>\n","protected":false},"author":4,"featured_media":57113,"comment_status":"open","ping_status":"closed","sticky":false,"template":"","format":"standard","meta":{"om_disable_all_campaigns":false,"_jetpack_memberships_contains_paid_content":false,"footnotes":""},"categories":[2,103],"tags":[],"class_list":["post-57112","post","type-post","status-publish","format-standard","has-post-thumbnail","hentry","category-locales","category-policiales-locales"],"aioseo_notices":[],"gutentor_comment":0,"jetpack_featured_media_url":"https:\/\/eldiariodesanpedro.com.ar\/sitio\/wp-content\/uploads\/2019\/07\/robo-garrafa.jpg","jetpack_shortlink":"https:\/\/wp.me\/p6RhLt-eRa","jetpack_sharing_enabled":true,"_links":{"self":[{"href":"https:\/\/eldiariodesanpedro.com.ar\/sitio\/wp-json\/wp\/v2\/posts\/57112","targetHints":{"allow":["GET"]}}],"collection":[{"href":"https:\/\/eldiariodesanpedro.com.ar\/sitio\/wp-json\/wp\/v2\/posts"}],"about":[{"href":"https:\/\/eldiariodesanpedro.com.ar\/sitio\/wp-json\/wp\/v2\/types\/post"}],"author":[{"embeddable":true,"href":"https:\/\/eldiariodesanpedro.com.ar\/sitio\/wp-json\/wp\/v2\/users\/4"}],"replies":[{"embeddable":true,"href":"https:\/\/eldiariodesanpedro.com.ar\/sitio\/wp-json\/wp\/v2\/comments?post=57112"}],"version-history":[{"count":1,"href":"https:\/\/eldiariodesanpedro.com.ar\/sitio\/wp-json\/wp\/v2\/posts\/57112\/revisions"}],"predecessor-version":[{"id":57114,"href":"https:\/\/eldiariodesanpedro.com.ar\/sitio\/wp-json\/wp\/v2\/posts\/57112\/revisions\/57114"}],"wp:featuredmedia":[{"embeddable":true,"href":"https:\/\/eldiariodesanpedro.com.ar\/sitio\/wp-json\/wp\/v2\/media\/57113"}],"wp:attachment":[{"href":"https:\/\/eldiariodesanpedro.com.ar\/sitio\/wp-json\/wp\/v2\/media?parent=57112"}],"wp:term":[{"taxonomy":"category","embeddable":true,"href":"https:\/\/eldiariodesanpedro.com.ar\/sitio\/wp-json\/wp\/v2\/categories?post=57112"},{"taxonomy":"post_tag","embeddable":true,"href":"https:\/\/eldiariodesanpedro.com.ar\/sitio\/wp-json\/wp\/v2\/tags?post=57112"}],"curies":[{"name":"wp","href":"https:\/\/api.w.org\/{rel}","templated":true}]}}