{"id":57110,"date":"2019-07-30T09:59:53","date_gmt":"2019-07-30T12:59:53","guid":{"rendered":"https:\/\/eldiariodesanpedro.com.ar\/sitio\/?p=57110"},"modified":"2019-07-30T09:59:57","modified_gmt":"2019-07-30T12:59:57","slug":"se-recupero-una-bicicleta-robada-dias-atras","status":"publish","type":"post","link":"https:\/\/eldiariodesanpedro.com.ar\/sitio\/se-recupero-una-bicicleta-robada-dias-atras\/","title":{"rendered":"Se recuper\u00f3 una Bicicleta robada d\u00edas atr\u00e1s"},"content":{"rendered":"<!-- VideographyWP Plugin Message: Automatic video embedding prevented by plugin options. -->\n\n<p>Este lunes en horas de la tarde el Personal de la Comisar\u00eda de nuestra ciudad se hace presente en Saavedra al 1200 donde se aprehendi\u00f3 a ciudadana femenina de 22 a\u00f1os, se le secuestr\u00f3 una bicicleta de rodado 26 tipo dama verde cual circulaba, cual presentaba hab\u00eda sido sustra\u00edda con el pasado d\u00eda 25 de julio a una v\u00edctima mujer de 36 a\u00f1os por delito hurto a requerimiento UFI de turno, hecho que estaba en etapa de investigaci\u00f3n.<\/p>\n","protected":false},"excerpt":{"rendered":"<p>Este lunes en horas de la tarde el Personal de la Comisar\u00eda de nuestra ciudad se hace presente en Saavedra al 1200 donde se aprehendi\u00f3 a ciudadana femenina de 22 a\u00f1os, se le secuestr\u00f3 una bicicleta de rodado 26 tipo dama verde cual circulaba, cual presentaba hab\u00eda sido sustra\u00edda con el pasado d\u00eda 25 de [&hellip;]<\/p>\n","protected":false},"author":4,"featured_media":56947,"comment_status":"open","ping_status":"closed","sticky":false,"template":"","format":"standard","meta":{"om_disable_all_campaigns":false,"_jetpack_memberships_contains_paid_content":false,"footnotes":""},"categories":[2,103],"tags":[],"class_list":["post-57110","post","type-post","status-publish","format-standard","has-post-thumbnail","hentry","category-locales","category-policiales-locales"],"aioseo_notices":[],"gutentor_comment":0,"jetpack_featured_media_url":"https:\/\/eldiariodesanpedro.com.ar\/sitio\/wp-content\/uploads\/2019\/07\/menor-aprehendido.jpg","jetpack_shortlink":"https:\/\/wp.me\/p6RhLt-eR8","jetpack_sharing_enabled":true,"_links":{"self":[{"href":"https:\/\/eldiariodesanpedro.com.ar\/sitio\/wp-json\/wp\/v2\/posts\/57110","targetHints":{"allow":["GET"]}}],"collection":[{"href":"https:\/\/eldiariodesanpedro.com.ar\/sitio\/wp-json\/wp\/v2\/posts"}],"about":[{"href":"https:\/\/eldiariodesanpedro.com.ar\/sitio\/wp-json\/wp\/v2\/types\/post"}],"author":[{"embeddable":true,"href":"https:\/\/eldiariodesanpedro.com.ar\/sitio\/wp-json\/wp\/v2\/users\/4"}],"replies":[{"embeddable":true,"href":"https:\/\/eldiariodesanpedro.com.ar\/sitio\/wp-json\/wp\/v2\/comments?post=57110"}],"version-history":[{"count":1,"href":"https:\/\/eldiariodesanpedro.com.ar\/sitio\/wp-json\/wp\/v2\/posts\/57110\/revisions"}],"predecessor-version":[{"id":57111,"href":"https:\/\/eldiariodesanpedro.com.ar\/sitio\/wp-json\/wp\/v2\/posts\/57110\/revisions\/57111"}],"wp:featuredmedia":[{"embeddable":true,"href":"https:\/\/eldiariodesanpedro.com.ar\/sitio\/wp-json\/wp\/v2\/media\/56947"}],"wp:attachment":[{"href":"https:\/\/eldiariodesanpedro.com.ar\/sitio\/wp-json\/wp\/v2\/media?parent=57110"}],"wp:term":[{"taxonomy":"category","embeddable":true,"href":"https:\/\/eldiariodesanpedro.com.ar\/sitio\/wp-json\/wp\/v2\/categories?post=57110"},{"taxonomy":"post_tag","embeddable":true,"href":"https:\/\/eldiariodesanpedro.com.ar\/sitio\/wp-json\/wp\/v2\/tags?post=57110"}],"curies":[{"name":"wp","href":"https:\/\/api.w.org\/{rel}","templated":true}]}}