{"id":5711,"date":"2016-07-04T10:01:08","date_gmt":"2016-07-04T13:01:08","guid":{"rendered":"https:\/\/eldiariodesanpedro.com.ar\/sitio\/?p=5711"},"modified":"2026-01-24T00:35:33","modified_gmt":"2026-01-24T03:35:33","slug":"damian-gallina-gano-en-pergamino","status":"publish","type":"post","link":"https:\/\/eldiariodesanpedro.com.ar\/sitio\/damian-gallina-gano-en-pergamino\/","title":{"rendered":"Damian Gallina gan\u00f3 en Pergamino"},"content":{"rendered":"<p><!-- VideographyWP Plugin Message: Automatic video embedding prevented by plugin options. --><br \/>\nEn una ma\u00f1ana que no le falto nada, fr\u00edo, viento y lluvia, nada detuvo al sampedrino Damian Gallina que con 1:03:53 se quedo con la primera fecha del campeonato de duatl\u00f3n rural \u00abCopa Ciudad de Pergamino\u00bb, seguido por V\u00edctor Kessel de La Emilia con 1:04:09 y para completar el podio con 1:08:17 el pergaminense Cristian Garc\u00eda.<br \/>\nPor el lado de las mujeres liderando la carrera desde el principio la dama de Alcorta se subi\u00f3 a lo mas alto del podio completando el recorrido en 1:20:03 siendo escoltada por la joven pergaminense Yamila Adaro que lo hizo en 1:32:26.<br \/>\nEn postas como nos tiene acostumbrado Marcos Misiewicz lidero la etapa de pedestrismo con un gran ritmo dejando a sus rivales atr\u00e1s y entregando la posta a su compa\u00f1ero de equipo el juninense Enzo Balmaceda con una gran diferencia sobre el resto, quien iba a ser perseguido por Lucio Bagna quien pudo achicar la diferencia tras darle la posta su compa\u00f1ero Mart\u00edn Digilio pero no alcanzo, ya que Misiewicz sobre el final volvi\u00f3 a aumentar la diferencia y en tercer lugar completo el podio la dupla campeona del a\u00f1o pasado Mart\u00edn Rol\u00f3n y Rub\u00e9n Sosa.<br \/>\n1:01:40 Misiewicz, Marcos &#8211; Balmaceda, Enzo (Pergamino-Jun\u00edn)<br \/>\n1:03:15 Digilio, Juan M. &#8211; Bagna, Lucio (Pergamino)<br \/>\n1:07:13 Rol\u00f3n, Mart\u00edn &#8211; Sosa, Rub\u00e9n (Pergamino)<\/p>\n","protected":false},"excerpt":{"rendered":"<p>En una ma\u00f1ana que no le falto nada, fr\u00edo, viento y lluvia, nada detuvo al sampedrino Damian Gallina que con 1:03:53 se quedo con la primera fecha del campeonato de duatl\u00f3n rural \u00abCopa Ciudad de Pergamino\u00bb, seguido por V\u00edctor Kessel de La Emilia con 1:04:09 y para completar el podio con 1:08:17 el pergaminense Cristian [&hellip;]<\/p>\n","protected":false},"author":4,"featured_media":5712,"comment_status":"open","ping_status":"closed","sticky":false,"template":"","format":"standard","meta":{"om_disable_all_campaigns":false,"_jetpack_memberships_contains_paid_content":false,"footnotes":""},"categories":[5],"tags":[],"class_list":["post-5711","post","type-post","status-publish","format-standard","has-post-thumbnail","hentry","category-deportes"],"aioseo_notices":[],"gutentor_comment":0,"jetpack_featured_media_url":"https:\/\/eldiariodesanpedro.com.ar\/sitio\/wp-content\/uploads\/2016\/07\/damian-gallina.jpg","jetpack_shortlink":"https:\/\/wp.me\/p6RhLt-1u7","jetpack_sharing_enabled":true,"_links":{"self":[{"href":"https:\/\/eldiariodesanpedro.com.ar\/sitio\/wp-json\/wp\/v2\/posts\/5711","targetHints":{"allow":["GET"]}}],"collection":[{"href":"https:\/\/eldiariodesanpedro.com.ar\/sitio\/wp-json\/wp\/v2\/posts"}],"about":[{"href":"https:\/\/eldiariodesanpedro.com.ar\/sitio\/wp-json\/wp\/v2\/types\/post"}],"author":[{"embeddable":true,"href":"https:\/\/eldiariodesanpedro.com.ar\/sitio\/wp-json\/wp\/v2\/users\/4"}],"replies":[{"embeddable":true,"href":"https:\/\/eldiariodesanpedro.com.ar\/sitio\/wp-json\/wp\/v2\/comments?post=5711"}],"version-history":[{"count":1,"href":"https:\/\/eldiariodesanpedro.com.ar\/sitio\/wp-json\/wp\/v2\/posts\/5711\/revisions"}],"predecessor-version":[{"id":5713,"href":"https:\/\/eldiariodesanpedro.com.ar\/sitio\/wp-json\/wp\/v2\/posts\/5711\/revisions\/5713"}],"wp:featuredmedia":[{"embeddable":true,"href":"https:\/\/eldiariodesanpedro.com.ar\/sitio\/wp-json\/wp\/v2\/media\/5712"}],"wp:attachment":[{"href":"https:\/\/eldiariodesanpedro.com.ar\/sitio\/wp-json\/wp\/v2\/media?parent=5711"}],"wp:term":[{"taxonomy":"category","embeddable":true,"href":"https:\/\/eldiariodesanpedro.com.ar\/sitio\/wp-json\/wp\/v2\/categories?post=5711"},{"taxonomy":"post_tag","embeddable":true,"href":"https:\/\/eldiariodesanpedro.com.ar\/sitio\/wp-json\/wp\/v2\/tags?post=5711"}],"curies":[{"name":"wp","href":"https:\/\/api.w.org\/{rel}","templated":true}]}}