{"id":57109,"date":"2019-07-30T10:21:22","date_gmt":"2019-07-30T13:21:22","guid":{"rendered":"https:\/\/eldiariodesanpedro.com.ar\/sitio\/?p=57109"},"modified":"2019-07-30T11:18:45","modified_gmt":"2019-07-30T14:18:45","slug":"accidente-fatal-un-hombre-fue-atropellado-por-un-camion","status":"publish","type":"post","link":"https:\/\/eldiariodesanpedro.com.ar\/sitio\/accidente-fatal-un-hombre-fue-atropellado-por-un-camion\/","title":{"rendered":"Accidente fatal: Un hombre fue atropellado por un camion"},"content":{"rendered":"<!-- VideographyWP Plugin Message: Automatic video embedding prevented by plugin options. -->\n\n<p>El triste hecho ocurri\u00f3 esta ma\u00f1ana alrededor de las 8 y 15 horas, seg\u00fan se intenta establecer un ciudadano mayor de edad fue atropellado por un cami\u00f3n de mayor porte en calle Mitre al 2500.<\/p>\n\n\n\n<p>Las primeras pericias determinaran si se trato de un accidente vial o un suicidio, habr\u00eda testigos que afirmar\u00edan que el hombre se tiro bajo las ruedas del cami\u00f3n.<\/p>\n\n\n\n<p>Si bien resta que las autoridades policiales lo confirmen, las versiones indicar\u00edan suicidio.<\/p>\n\n\n\n<p>El hombre mayor de edad, identificado como Ricardo Cordich falleci\u00f3 en el acto.<\/p>\n\n\n\n<p>A pocos metros del lugar del hecho fue encontrado un bolso que pertenece a la persona fallecida.<\/p>\n\n\n\n<p>En el lugar se realizaron pericias  planimetricas y otras pruebas ordenadas por la justicia a cargo de la Dr Viviana Ramos.<\/p>\n\n\n\n<p>El cami\u00f3n fue secuestrado. El conductor presta declaraci\u00f3n. Es oriundo de Tortuguitas, transporta productos fr\u00edos de la marca Glew. <\/p>\n\n\n\n<ul class=\"wp-block-gallery columns-1 is-cropped wp-block-gallery-1 is-layout-flex wp-block-gallery-is-layout-flex\"><li class=\"blocks-gallery-item\"><figure><img decoding=\"async\" width=\"1024\" height=\"576\" data-attachment-id=\"57116\" data-permalink=\"https:\/\/eldiariodesanpedro.com.ar\/sitio\/accidente-fatal-un-hombre-fue-atropellado-por-un-camion\/67620019_1048795375329601_38850762331127808_o\/\" data-orig-file=\"https:\/\/eldiariodesanpedro.com.ar\/sitio\/wp-content\/uploads\/2019\/07\/67620019_1048795375329601_38850762331127808_o.jpg\" data-orig-size=\"2048,1152\" data-comments-opened=\"1\" data-image-meta=\"{&quot;aperture&quot;:&quot;0&quot;,&quot;credit&quot;:&quot;&quot;,&quot;camera&quot;:&quot;&quot;,&quot;caption&quot;:&quot;&quot;,&quot;created_timestamp&quot;:&quot;0&quot;,&quot;copyright&quot;:&quot;&quot;,&quot;focal_length&quot;:&quot;0&quot;,&quot;iso&quot;:&quot;0&quot;,&quot;shutter_speed&quot;:&quot;0&quot;,&quot;title&quot;:&quot;&quot;,&quot;orientation&quot;:&quot;0&quot;}\" data-image-title=\"67620019_1048795375329601_38850762331127808_o\" data-image-description=\"\" data-image-caption=\"\" data-large-file=\"https:\/\/eldiariodesanpedro.com.ar\/sitio\/wp-content\/uploads\/2019\/07\/67620019_1048795375329601_38850762331127808_o-1024x576.jpg\" data-src=\"https:\/\/eldiariodesanpedro.com.ar\/sitio\/wp-content\/uploads\/2019\/07\/67620019_1048795375329601_38850762331127808_o-1024x576.jpg\" alt=\"\" data-id=\"57116\" data-link=\"https:\/\/eldiariodesanpedro.com.ar\/sitio\/?attachment_id=57116\" class=\"wp-image-57116 lazyload\" data-srcset=\"https:\/\/eldiariodesanpedro.com.ar\/sitio\/wp-content\/uploads\/2019\/07\/67620019_1048795375329601_38850762331127808_o-1024x576.jpg 1024w, https:\/\/eldiariodesanpedro.com.ar\/sitio\/wp-content\/uploads\/2019\/07\/67620019_1048795375329601_38850762331127808_o-300x169.jpg 300w, https:\/\/eldiariodesanpedro.com.ar\/sitio\/wp-content\/uploads\/2019\/07\/67620019_1048795375329601_38850762331127808_o-768x432.jpg 768w, https:\/\/eldiariodesanpedro.com.ar\/sitio\/wp-content\/uploads\/2019\/07\/67620019_1048795375329601_38850762331127808_o.jpg 2048w\" data-sizes=\"(max-width: 1024px) 100vw, 1024px\" src=\"data:image\/svg+xml;base64,PHN2ZyB3aWR0aD0iMSIgaGVpZ2h0PSIxIiB4bWxucz0iaHR0cDovL3d3dy53My5vcmcvMjAwMC9zdmciPjwvc3ZnPg==\" style=\"--smush-placeholder-width: 1024px; --smush-placeholder-aspect-ratio: 1024\/576;\" \/><\/figure><\/li><\/ul>\n\n\n\n<p><br><\/p>\n","protected":false},"excerpt":{"rendered":"<p>El triste hecho ocurri\u00f3 esta ma\u00f1ana alrededor de las 8 y 15 horas, seg\u00fan se intenta establecer un ciudadano mayor de edad fue atropellado por un cami\u00f3n de mayor porte en calle Mitre al 2500. Las primeras pericias determinaran si se trato de un accidente vial o un suicidio, habr\u00eda testigos que afirmar\u00edan que el [&hellip;]<\/p>\n","protected":false},"author":4,"featured_media":57116,"comment_status":"open","ping_status":"closed","sticky":false,"template":"","format":"standard","meta":{"om_disable_all_campaigns":false,"_jetpack_memberships_contains_paid_content":false,"footnotes":""},"categories":[2],"tags":[],"class_list":["post-57109","post","type-post","status-publish","format-standard","has-post-thumbnail","hentry","category-locales"],"aioseo_notices":[],"gutentor_comment":0,"jetpack_featured_media_url":"https:\/\/eldiariodesanpedro.com.ar\/sitio\/wp-content\/uploads\/2019\/07\/67620019_1048795375329601_38850762331127808_o.jpg","jetpack_shortlink":"https:\/\/wp.me\/p6RhLt-eR7","jetpack_sharing_enabled":true,"_links":{"self":[{"href":"https:\/\/eldiariodesanpedro.com.ar\/sitio\/wp-json\/wp\/v2\/posts\/57109","targetHints":{"allow":["GET"]}}],"collection":[{"href":"https:\/\/eldiariodesanpedro.com.ar\/sitio\/wp-json\/wp\/v2\/posts"}],"about":[{"href":"https:\/\/eldiariodesanpedro.com.ar\/sitio\/wp-json\/wp\/v2\/types\/post"}],"author":[{"embeddable":true,"href":"https:\/\/eldiariodesanpedro.com.ar\/sitio\/wp-json\/wp\/v2\/users\/4"}],"replies":[{"embeddable":true,"href":"https:\/\/eldiariodesanpedro.com.ar\/sitio\/wp-json\/wp\/v2\/comments?post=57109"}],"version-history":[{"count":2,"href":"https:\/\/eldiariodesanpedro.com.ar\/sitio\/wp-json\/wp\/v2\/posts\/57109\/revisions"}],"predecessor-version":[{"id":57151,"href":"https:\/\/eldiariodesanpedro.com.ar\/sitio\/wp-json\/wp\/v2\/posts\/57109\/revisions\/57151"}],"wp:featuredmedia":[{"embeddable":true,"href":"https:\/\/eldiariodesanpedro.com.ar\/sitio\/wp-json\/wp\/v2\/media\/57116"}],"wp:attachment":[{"href":"https:\/\/eldiariodesanpedro.com.ar\/sitio\/wp-json\/wp\/v2\/media?parent=57109"}],"wp:term":[{"taxonomy":"category","embeddable":true,"href":"https:\/\/eldiariodesanpedro.com.ar\/sitio\/wp-json\/wp\/v2\/categories?post=57109"},{"taxonomy":"post_tag","embeddable":true,"href":"https:\/\/eldiariodesanpedro.com.ar\/sitio\/wp-json\/wp\/v2\/tags?post=57109"}],"curies":[{"name":"wp","href":"https:\/\/api.w.org\/{rel}","templated":true}]}}